{"id":7842,"date":"2023-08-15T15:44:12","date_gmt":"2023-08-15T18:44:12","guid":{"rendered":"http:\/\/saolourencodaserra.sp.gov.br\/novo\/?p=7842"},"modified":"2023-08-15T15:44:48","modified_gmt":"2023-08-15T18:44:48","slug":"portaria-no-152-2023","status":"publish","type":"post","link":"https:\/\/saolourencodaserra.sp.gov.br\/novo\/portaria-no-152-2023\/","title":{"rendered":"PORTARIA N\u00ba 152\/2023"},"content":{"rendered":"<p>&nbsp;<\/p>\n<p><strong>PORTARIA N\u00ba 152\/2023<\/strong><\/p>\n<p><strong>\u00a0<\/strong><\/p>\n<p><strong>Felipe Geferson Seme Amed,<\/strong> Prefeito de S\u00e3o Louren\u00e7o da Serra, Estado de S\u00e3o Paulo, no uso de suas atribui\u00e7\u00f5es legais,<strong> Nomeia<\/strong> os membros da Comiss\u00e3o Especial respons\u00e1vel pelo Processo de Escolha Unificado para Membros do Conselho Tutelar do Munic\u00edpio de S\u00e3o Louren\u00e7o da Serra \u2013 Quadri\u00eanio 2024 \u2013 2028,<\/p>\n<p><strong>RESOLVE:<\/strong><\/p>\n<p><strong>Artigo 1\u00ba <\/strong>\u2013 Ficam nomeados para compor a Comiss\u00e3o Especial Eleitoral do Conselho Tutelar \u2013 Quadri\u00eanio 2024 \u2013 2028, conforme delibera\u00e7\u00e3o em reuni\u00e3o ordin\u00e1ria os seguintes membros representantes:<\/p>\n<p>&nbsp;<\/p>\n<p><strong>Titulares:<\/strong><\/p>\n<p>&#8211; PAULO ALEXANDRE LION &#8211; R.G. n\u00ba 27.638.973-6<\/p>\n<p>&#8211; GILSEIA GARCIA DUARTE DE ALMEIDA &#8211; R.G. n\u00ba 30.660.920-4<\/p>\n<p>&#8211; GUILHERME RODRIGUES DE OLIVEIRA &#8211; R.G. n\u00ba 43.366.003-X<\/p>\n<p>&#8211; BRUNA PAZ SANTOS &#8211; R.G. n\u00ba 33.838.192-2<\/p>\n<p>&#8211; DOV POMERY &#8211; R.G. n\u00ba 37.410.197-8<\/p>\n<p><strong>Suplente:<\/strong><\/p>\n<p>&#8211; GITA RABINOVICI &#8211; R.G. n\u00ba 4.200.565-6<\/p>\n<p><strong>Artigo 2\u00ba <\/strong>\u2013 A Comiss\u00e3o Especial \u00a0Eleitoral do Conselho Tutelar \u00e9 a respons\u00e1vel por toda a condu\u00e7\u00e3o do processo de escolha<\/p>\n<p><strong>Artigo 3\u00ba <\/strong>\u2013 Esta Portaria entrar\u00e1 em vigor na data de sua publica\u00e7\u00e3o, convalidando-se todos os atos praticados pelos membros ora nomeados.<\/p>\n<p>&nbsp;<\/p>\n<p>S\u00e3o Louren\u00e7o da Serra, 25 de maio de 2.023.<\/p>\n<p>&nbsp;<\/p>\n<p>&nbsp;<\/p>\n<p>&nbsp;<\/p>\n<p><strong>Felipe Geferson Seme Amed<\/strong><\/p>\n<p><strong>Prefeito<\/strong><\/p>\n<p><strong>\u00a0<\/strong><\/p>\n<p>&nbsp;<\/p>\n<p>Registrada e afixada nesta data no Departamento de Administra\u00e7\u00e3o.<\/p>\n<p>&nbsp;<\/p>\n<p>&nbsp;<\/p>\n<p><a href=\"http:\/\/saolourencodaserra.sp.gov.br\/novo\/wp-content\/uploads\/2023\/08\/152-Nomeia-Membros-eleicao-Conselho-Tutelar-portaria-1.pdf\">152 &#8211; Nomeia Membros elei\u00e7\u00e3o Conselho Tutelar portaria 1<\/a><\/p>\n","protected":false},"excerpt":{"rendered":"<p>&nbsp; PORTARIA N\u00ba 152\/2023 \u00a0 Felipe Geferson Seme Amed, Prefeito de S\u00e3o Louren\u00e7o da Serra, Estado de S\u00e3o Paulo, no uso de suas atribui\u00e7\u00f5es legais, Nomeia os membros da Comiss\u00e3o Especial respons\u00e1vel pelo Processo de Escolha Unificado para Membros do Conselho Tutelar do Munic\u00edpio de S\u00e3o Louren\u00e7o da Serra \u2013 Quadri\u00eanio 2024 \u2013 2028, RESOLVE: &#8230;<\/p>\n","protected":false},"author":1,"featured_media":0,"comment_status":"open","ping_status":"open","sticky":false,"template":"","format":"standard","meta":[],"categories":[25,16],"tags":[],"_links":{"self":[{"href":"https:\/\/saolourencodaserra.sp.gov.br\/novo\/wp-json\/wp\/v2\/posts\/7842"}],"collection":[{"href":"https:\/\/saolourencodaserra.sp.gov.br\/novo\/wp-json\/wp\/v2\/posts"}],"about":[{"href":"https:\/\/saolourencodaserra.sp.gov.br\/novo\/wp-json\/wp\/v2\/types\/post"}],"author":[{"embeddable":true,"href":"https:\/\/saolourencodaserra.sp.gov.br\/novo\/wp-json\/wp\/v2\/users\/1"}],"replies":[{"embeddable":true,"href":"https:\/\/saolourencodaserra.sp.gov.br\/novo\/wp-json\/wp\/v2\/comments?post=7842"}],"version-history":[{"count":0,"href":"https:\/\/saolourencodaserra.sp.gov.br\/novo\/wp-json\/wp\/v2\/posts\/7842\/revisions"}],"wp:attachment":[{"href":"https:\/\/saolourencodaserra.sp.gov.br\/novo\/wp-json\/wp\/v2\/media?parent=7842"}],"wp:term":[{"taxonomy":"category","embeddable":true,"href":"https:\/\/saolourencodaserra.sp.gov.br\/novo\/wp-json\/wp\/v2\/categories?post=7842"},{"taxonomy":"post_tag","embeddable":true,"href":"https:\/\/saolourencodaserra.sp.gov.br\/novo\/wp-json\/wp\/v2\/tags?post=7842"}],"curies":[{"name":"wp","href":"https:\/\/api.w.org\/{rel}","templated":true}]}}