{"id":1566,"date":"2017-10-23T13:13:09","date_gmt":"2017-10-23T15:13:09","guid":{"rendered":"http:\/\/saolourencodaserra.sp.gov.br\/novo\/?p=1566"},"modified":"2017-11-04T02:08:28","modified_gmt":"2017-11-04T04:08:28","slug":"prefeitura-de-sao-lourenco-da-serra-convida-para-o-desconecta2017","status":"publish","type":"post","link":"https:\/\/saolourencodaserra.sp.gov.br\/novo\/prefeitura-de-sao-lourenco-da-serra-convida-para-o-desconecta2017\/","title":{"rendered":"A Prefeitura de S\u00e3o Louren\u00e7o da Serra convida para o #Desconecta2017"},"content":{"rendered":"<p>Prezando a intera\u00e7\u00e3o entre Jovens, crian\u00e7as e Adolescentes e incentivando a pr\u00e1tica de Esportes em nosso Munic\u00edpio, realizaremos o dia Municipal Sem Celular para que todos possam se desconectar e interagir, participe voc\u00ea tamb\u00e9m.<br \/>\nVeja abaixo as atividades programadas, locais, data e hor\u00e1rios para inscri\u00e7\u00e3o e atividades.<\/p>\n<p><strong>Inscri\u00e7\u00f5es:<\/strong><br \/>\nDepartamento de Esportes (Centro)<br \/>\nde segunda a sexta-feira, das 8h as 17h.<br \/>\nQuadra de Esportes no Paiol do Meio<br \/>\nde ter\u00e7a e quinta-feira das 8h as 17h.<\/p>\n<p><strong>Local das atividades:<br \/>\n<\/strong>Bairro Paiol do Meio, no campo e na rua<br \/>\nData: 28\/10<\/p>\n<p><strong>Atividades no campo:<\/strong><br \/>\n&#8211; Campeonato de taco<br \/>\n&#8211; Corrida de obst\u00e1culos<br \/>\n&#8211; Cabo de Guerra no barro<br \/>\n&#8211; Corrida de 100m<br \/>\n&#8211; Corrida de 400m<br \/>\n&#8211; Corrida de 2km<br \/>\n&#8211; Corrida de bicicleta.<\/p>\n<p><strong>Atividades na rua:<\/strong><br \/>\n&#8211; Carrinho de rolim\u00e3<br \/>\n&#8211; Torneio de v\u00f4lei de rua (misto)<br \/>\n&#8211; Torneio de futebol de rua<br \/>\n&#8211; Torneio de ping-pong<br \/>\n&#8211; Corrida de saco<br \/>\n&#8211; Jogo de damas<br \/>\n&#8211; Jogo de xadrez<br \/>\n&#8211; Apresenta\u00e7\u00f5es de Jud\u00f4, Karat\u00ea, Capoeira e Zumba<\/p>\n<p><strong>Venha se divertir neste dia 28\/10, traga a fam\u00edlia e convide os amigos!<\/strong><\/p>\n<p><strong>Prefeitura de S\u00e3o Louren\u00e7o da Serra, por mais qualidade de vida #TrabalhandodeVerdade<\/strong><\/p>\n","protected":false},"excerpt":{"rendered":"<p>Prezando a intera\u00e7\u00e3o entre Jovens, crian\u00e7as e Adolescentes e incentivando a pr\u00e1tica de Esportes em nosso Munic\u00edpio, realizaremos o dia Municipal Sem Celular para que todos possam se desconectar e interagir, participe voc\u00ea tamb\u00e9m. Veja abaixo as atividades programadas, locais, data e hor\u00e1rios para inscri\u00e7\u00e3o e atividades. Inscri\u00e7\u00f5es: Departamento de Esportes (Centro) de segunda a &#8230;<\/p>\n","protected":false},"author":1,"featured_media":1567,"comment_status":"open","ping_status":"open","sticky":false,"template":"","format":"standard","meta":[],"categories":[20,22,25,37],"tags":[229,230,231,232,75,76,182,219,227,228],"_links":{"self":[{"href":"https:\/\/saolourencodaserra.sp.gov.br\/novo\/wp-json\/wp\/v2\/posts\/1566"}],"collection":[{"href":"https:\/\/saolourencodaserra.sp.gov.br\/novo\/wp-json\/wp\/v2\/posts"}],"about":[{"href":"https:\/\/saolourencodaserra.sp.gov.br\/novo\/wp-json\/wp\/v2\/types\/post"}],"author":[{"embeddable":true,"href":"https:\/\/saolourencodaserra.sp.gov.br\/novo\/wp-json\/wp\/v2\/users\/1"}],"replies":[{"embeddable":true,"href":"https:\/\/saolourencodaserra.sp.gov.br\/novo\/wp-json\/wp\/v2\/comments?post=1566"}],"version-history":[{"count":0,"href":"https:\/\/saolourencodaserra.sp.gov.br\/novo\/wp-json\/wp\/v2\/posts\/1566\/revisions"}],"wp:featuredmedia":[{"embeddable":true,"href":"https:\/\/saolourencodaserra.sp.gov.br\/novo\/wp-json\/wp\/v2\/media\/1567"}],"wp:attachment":[{"href":"https:\/\/saolourencodaserra.sp.gov.br\/novo\/wp-json\/wp\/v2\/media?parent=1566"}],"wp:term":[{"taxonomy":"category","embeddable":true,"href":"https:\/\/saolourencodaserra.sp.gov.br\/novo\/wp-json\/wp\/v2\/categories?post=1566"},{"taxonomy":"post_tag","embeddable":true,"href":"https:\/\/saolourencodaserra.sp.gov.br\/novo\/wp-json\/wp\/v2\/tags?post=1566"}],"curies":[{"name":"wp","href":"https:\/\/api.w.org\/{rel}","templated":true}]}}