{"id":9814,"date":"2024-06-14T14:35:44","date_gmt":"2024-06-14T17:35:44","guid":{"rendered":"http:\/\/saolourencodaserra.sp.gov.br\/novo\/?p=9814"},"modified":"2024-06-17T09:48:39","modified_gmt":"2024-06-17T12:48:39","slug":"contratacao-da-atracao-musical-para-festividades-de-sao-joao","status":"publish","type":"post","link":"http:\/\/saolourencodaserra.sp.gov.br\/novo\/contratacao-da-atracao-musical-para-festividades-de-sao-joao\/","title":{"rendered":"Contrata\u00e7\u00e3o da atra\u00e7\u00e3o musical para Festividades de S\u00e3o Jo\u00e3o."},"content":{"rendered":"<p>Contrata\u00e7\u00e3o de atra\u00e7\u00e3o musical, g\u00eanero sertanejo, acompanhada de m\u00fasico e banda para as festividades alusivas ao S\u00e3o Jo\u00e3o, que acontecer\u00e3o nos dias 05, 06 e 07 de julho , intitulada<strong> Festa Julina\/2024.<\/strong><\/p>\n<p>Considerando que o evento acontecer\u00e1 em pra\u00e7a p\u00fablica e considerando que a tem\u00e1tica pede m\u00fasica sertaneja e suas vertentes, entendemos que se faz necess\u00e1ria a contrata\u00e7\u00e3o, com <strong>apresenta\u00e7\u00e3o para o dia 06 de julho de 2024, na Pra\u00e7a Dez de Agosto, Centro.<\/strong><\/p>\n<p>Os interessados dever\u00e3o encaminhar propostas atrav\u00e9s do Email: compras@saolourencodaserra.sp.gov.br ou tel: 4687-2700, at\u00e9 o dia 19 de junho de 2024 (17 horas), aos cuidados de Giovani Caceres, Secret\u00e1rio de Cultura e Turismo.<\/p>\n<p><a href=\"http:\/\/saolourencodaserra.sp.gov.br\/novo\/wp-content\/uploads\/2024\/06\/ANEXOS-PUBLICACAO.pdf\">ANEXOS PUBLICAC\u00c3O<\/a><\/p>\n<p><a href=\"http:\/\/saolourencodaserra.sp.gov.br\/novo\/wp-content\/uploads\/2024\/06\/TR-ATRACAO-MUSICAL.docx\">TR ATRA\u00c7\u00c3O MUSICAL<\/a><\/p>\n","protected":false},"excerpt":{"rendered":"<p>Contrata\u00e7\u00e3o de atra\u00e7\u00e3o musical, g\u00eanero sertanejo, acompanhada de m\u00fasico e banda para as festividades alusivas ao S\u00e3o Jo\u00e3o, que acontecer\u00e3o nos dias 05, 06 e 07 de julho , intitulada Festa Julina\/2024. Considerando que o evento acontecer\u00e1 em pra\u00e7a p\u00fablica e considerando que a tem\u00e1tica pede m\u00fasica sertaneja e suas vertentes, entendemos que se faz &#8230;<\/p>\n","protected":false},"author":1,"featured_media":0,"comment_status":"open","ping_status":"open","sticky":false,"template":"","format":"standard","meta":[],"categories":[16],"tags":[],"_links":{"self":[{"href":"http:\/\/saolourencodaserra.sp.gov.br\/novo\/wp-json\/wp\/v2\/posts\/9814"}],"collection":[{"href":"http:\/\/saolourencodaserra.sp.gov.br\/novo\/wp-json\/wp\/v2\/posts"}],"about":[{"href":"http:\/\/saolourencodaserra.sp.gov.br\/novo\/wp-json\/wp\/v2\/types\/post"}],"author":[{"embeddable":true,"href":"http:\/\/saolourencodaserra.sp.gov.br\/novo\/wp-json\/wp\/v2\/users\/1"}],"replies":[{"embeddable":true,"href":"http:\/\/saolourencodaserra.sp.gov.br\/novo\/wp-json\/wp\/v2\/comments?post=9814"}],"version-history":[{"count":0,"href":"http:\/\/saolourencodaserra.sp.gov.br\/novo\/wp-json\/wp\/v2\/posts\/9814\/revisions"}],"wp:attachment":[{"href":"http:\/\/saolourencodaserra.sp.gov.br\/novo\/wp-json\/wp\/v2\/media?parent=9814"}],"wp:term":[{"taxonomy":"category","embeddable":true,"href":"http:\/\/saolourencodaserra.sp.gov.br\/novo\/wp-json\/wp\/v2\/categories?post=9814"},{"taxonomy":"post_tag","embeddable":true,"href":"http:\/\/saolourencodaserra.sp.gov.br\/novo\/wp-json\/wp\/v2\/tags?post=9814"}],"curies":[{"name":"wp","href":"https:\/\/api.w.org\/{rel}","templated":true}]}}