{"id":9805,"date":"2024-06-13T15:56:56","date_gmt":"2024-06-13T18:56:56","guid":{"rendered":"http:\/\/saolourencodaserra.sp.gov.br\/novo\/?p=9805"},"modified":"2024-06-13T16:13:22","modified_gmt":"2024-06-13T19:13:22","slug":"protocolo-4374-2024-aquisicao-de-itens-de-armarinho-alusivos-as-festas-de-sao-joao","status":"publish","type":"post","link":"http:\/\/saolourencodaserra.sp.gov.br\/novo\/protocolo-4374-2024-aquisicao-de-itens-de-armarinho-alusivos-as-festas-de-sao-joao\/","title":{"rendered":"Protocolo 4374\/2024 (Aquisi\u00e7\u00e3o de \u00edtens de armarinho alusivos \u00e0s festas de S\u00e3o Jo\u00e3o)."},"content":{"rendered":"<p>Encontra-se em aberto, no Munic\u00edpio de S\u00e3o Louren\u00e7o da Serra a Dispensa de Licita\u00e7\u00e3o 4374\/2024, para aquisi\u00e7\u00e3o de \u00edtens de armarinho alusivos \u00e0s Festas de S\u00e3o Jo\u00e3o. Os interessados dever\u00e3o encaminhar proposta atrav\u00e9s do Email: compras@saolourencodaserra.sp.gov.br ou tel: 4687-2700, at\u00e9 o dia 18 de junho de 2024 (at\u00e9 \u00e0s 17:00 horas), aos cuidados de Giovani Caceres, Secret\u00e1rio de Cultura e Turismo.<\/p>\n<p><a href=\"http:\/\/saolourencodaserra.sp.gov.br\/novo\/wp-content\/uploads\/2024\/06\/Termo-de-Referencia-Armarinho.pdf\">Termo de Refer\u00eancia &#8211; Armarinho<\/a><\/p>\n<p><a href=\"http:\/\/saolourencodaserra.sp.gov.br\/novo\/wp-content\/uploads\/2024\/06\/ANEXOS-PUBLICACAO.pdf\">ANEXOS PUBLICAC\u00c3O<\/a><\/p>\n","protected":false},"excerpt":{"rendered":"<p>Encontra-se em aberto, no Munic\u00edpio de S\u00e3o Louren\u00e7o da Serra a Dispensa de Licita\u00e7\u00e3o 4374\/2024, para aquisi\u00e7\u00e3o de \u00edtens de armarinho alusivos \u00e0s Festas de S\u00e3o Jo\u00e3o. Os interessados dever\u00e3o encaminhar proposta atrav\u00e9s do Email: compras@saolourencodaserra.sp.gov.br ou tel: 4687-2700, at\u00e9 o dia 18 de junho de 2024 (at\u00e9 \u00e0s 17:00 horas), aos cuidados de Giovani &#8230;<\/p>\n","protected":false},"author":1,"featured_media":0,"comment_status":"open","ping_status":"open","sticky":false,"template":"","format":"standard","meta":[],"categories":[16],"tags":[],"_links":{"self":[{"href":"http:\/\/saolourencodaserra.sp.gov.br\/novo\/wp-json\/wp\/v2\/posts\/9805"}],"collection":[{"href":"http:\/\/saolourencodaserra.sp.gov.br\/novo\/wp-json\/wp\/v2\/posts"}],"about":[{"href":"http:\/\/saolourencodaserra.sp.gov.br\/novo\/wp-json\/wp\/v2\/types\/post"}],"author":[{"embeddable":true,"href":"http:\/\/saolourencodaserra.sp.gov.br\/novo\/wp-json\/wp\/v2\/users\/1"}],"replies":[{"embeddable":true,"href":"http:\/\/saolourencodaserra.sp.gov.br\/novo\/wp-json\/wp\/v2\/comments?post=9805"}],"version-history":[{"count":0,"href":"http:\/\/saolourencodaserra.sp.gov.br\/novo\/wp-json\/wp\/v2\/posts\/9805\/revisions"}],"wp:attachment":[{"href":"http:\/\/saolourencodaserra.sp.gov.br\/novo\/wp-json\/wp\/v2\/media?parent=9805"}],"wp:term":[{"taxonomy":"category","embeddable":true,"href":"http:\/\/saolourencodaserra.sp.gov.br\/novo\/wp-json\/wp\/v2\/categories?post=9805"},{"taxonomy":"post_tag","embeddable":true,"href":"http:\/\/saolourencodaserra.sp.gov.br\/novo\/wp-json\/wp\/v2\/tags?post=9805"}],"curies":[{"name":"wp","href":"https:\/\/api.w.org\/{rel}","templated":true}]}}