{"id":7962,"date":"2023-09-22T15:11:02","date_gmt":"2023-09-22T18:11:02","guid":{"rendered":"http:\/\/saolourencodaserra.sp.gov.br\/novo\/?p=7962"},"modified":"2023-09-22T15:15:16","modified_gmt":"2023-09-22T18:15:16","slug":"chamada-publica-n-01-2023-para-aquisicao-de-generos-alimenticios-da-agricultura-familiar-rural","status":"publish","type":"post","link":"http:\/\/saolourencodaserra.sp.gov.br\/novo\/chamada-publica-n-01-2023-para-aquisicao-de-generos-alimenticios-da-agricultura-familiar-rural\/","title":{"rendered":"CHAMADA PUBLICA N\u00b0 01\/2023 PARA AQUISI\u00c7\u00c3O DE GENEROS ALIMENTICIOS DA AGRICULTURA FAMILIAR RURAL,"},"content":{"rendered":"<p>ENCONTRA-SE ABERTO NO MUNICIPIO DE S\u00c3O LOUREN\u00c7O A SERRA A CHAMADA PUBLICA\u00a0\u00a0\u00a0\u00a0\u00a0\u00a0\u00a0\u00a0\u00a0\u00a0\u00a0\u00a0\u00a0\u00a0\u00a0\u00a0\u00a0\u00a0\u00a0\u00a0\u00a0 N\u00b0 01\/2023 PARA AQUISI\u00c7\u00c3O DE GENEROS ALIMENTICIOS DA AGRICULTURA FAMILIAR RURAL, DESTINADO AO ATENDIMENTO DO PROGRAMA NACIONAL DE ALIMENTA\u00c7\u00c3O ESCOLAR PARA O PERIODO DE 12 (DOZE)MESES. OS INTERESSADOS (GRUPOS FORMAIS, INFORMAIS E FORNECEDORES INDIVIDUAIS) DEVER\u00c3O APRESENTAR A DOCUMENTA\u00c7\u00c3O DE HABILITA\u00c7\u00c3O E PROJETOS DE VENDA NO PROTOCOLO GERAL DA PREFEITURA AT\u00c9 17\/10\/2023 AS 08:30 INCICIO DA SESS\u00c3O AS 09:00. O EDITAL E SEU INTEIRO TEOR ESTAR\u00c1 \u00c1 DISPOSI\u00c7\u00c3O DOS INTERESSADOS NO SITE DA PREFEITURA. WWW.SAOLOURENCODASERRA.SP.GOV.BR\/NOVO, OU PELO TELEFONE 1146872700. SLS 22\/09\/2023- FELIPE GEFERSON SEME AMED- PREFEITO<\/p>\n<p><a href=\"http:\/\/saolourencodaserra.sp.gov.br\/novo\/wp-content\/uploads\/2023\/09\/Edital-Chamada-Publica-Agricultura-2023.pdf\">Edital Chamada Publica Agricultura 2023<\/a><\/p>\n","protected":false},"excerpt":{"rendered":"<p>ENCONTRA-SE ABERTO NO MUNICIPIO DE S\u00c3O LOUREN\u00c7O A SERRA A CHAMADA PUBLICA\u00a0\u00a0\u00a0\u00a0\u00a0\u00a0\u00a0\u00a0\u00a0\u00a0\u00a0\u00a0\u00a0\u00a0\u00a0\u00a0\u00a0\u00a0\u00a0\u00a0\u00a0 N\u00b0 01\/2023 PARA AQUISI\u00c7\u00c3O DE GENEROS ALIMENTICIOS DA AGRICULTURA FAMILIAR RURAL, DESTINADO AO ATENDIMENTO DO PROGRAMA NACIONAL DE ALIMENTA\u00c7\u00c3O ESCOLAR PARA O PERIODO DE 12 (DOZE)MESES. OS INTERESSADOS (GRUPOS FORMAIS, INFORMAIS E FORNECEDORES INDIVIDUAIS) DEVER\u00c3O APRESENTAR A DOCUMENTA\u00c7\u00c3O DE HABILITA\u00c7\u00c3O E PROJETOS DE &#8230;<\/p>\n","protected":false},"author":1,"featured_media":0,"comment_status":"open","ping_status":"open","sticky":false,"template":"","format":"standard","meta":[],"categories":[1,5],"tags":[],"_links":{"self":[{"href":"http:\/\/saolourencodaserra.sp.gov.br\/novo\/wp-json\/wp\/v2\/posts\/7962"}],"collection":[{"href":"http:\/\/saolourencodaserra.sp.gov.br\/novo\/wp-json\/wp\/v2\/posts"}],"about":[{"href":"http:\/\/saolourencodaserra.sp.gov.br\/novo\/wp-json\/wp\/v2\/types\/post"}],"author":[{"embeddable":true,"href":"http:\/\/saolourencodaserra.sp.gov.br\/novo\/wp-json\/wp\/v2\/users\/1"}],"replies":[{"embeddable":true,"href":"http:\/\/saolourencodaserra.sp.gov.br\/novo\/wp-json\/wp\/v2\/comments?post=7962"}],"version-history":[{"count":0,"href":"http:\/\/saolourencodaserra.sp.gov.br\/novo\/wp-json\/wp\/v2\/posts\/7962\/revisions"}],"wp:attachment":[{"href":"http:\/\/saolourencodaserra.sp.gov.br\/novo\/wp-json\/wp\/v2\/media?parent=7962"}],"wp:term":[{"taxonomy":"category","embeddable":true,"href":"http:\/\/saolourencodaserra.sp.gov.br\/novo\/wp-json\/wp\/v2\/categories?post=7962"},{"taxonomy":"post_tag","embeddable":true,"href":"http:\/\/saolourencodaserra.sp.gov.br\/novo\/wp-json\/wp\/v2\/tags?post=7962"}],"curies":[{"name":"wp","href":"https:\/\/api.w.org\/{rel}","templated":true}]}}