{"id":608,"date":"2017-05-04T16:48:37","date_gmt":"2017-05-04T19:48:37","guid":{"rendered":"http:\/\/saolourencodaserra.sp.gov.br\/novo\/?p=608"},"modified":"2017-05-08T20:07:00","modified_gmt":"2017-05-08T23:07:00","slug":"manutencao-de-iluminacao-publica-em-sao-lourenco-da-serra","status":"publish","type":"post","link":"http:\/\/saolourencodaserra.sp.gov.br\/novo\/manutencao-de-iluminacao-publica-em-sao-lourenco-da-serra\/","title":{"rendered":"Manuten\u00e7\u00e3o de ilumina\u00e7\u00e3o p\u00fablica em S\u00e3o Louren\u00e7o da Serra"},"content":{"rendered":"<p>Iniciou hoje a manuten\u00e7\u00e3o das l\u00e2mpadas nos postes p\u00fablicos em nosso munic\u00edpio pela empresa respons\u00e1vel\u00a0 &#8211; FZ Constru\u00e7\u00f5es Ltda. &#8211; que estar\u00e1 restabelecendo a ilumina\u00e7\u00e3o p\u00fablica dando maior seguran\u00e7a para toda popula\u00e7\u00e3o.<\/p>\n<p>Este servi\u00e7o ser\u00e1 executado em todos os locais que se encontram com problemas de ilumina\u00e7\u00e3o p\u00fablica dentro de um cronograma elaborado pela empresa.<\/p>\n<p><a href=\"http:\/\/saolourencodaserra.sp.gov.br\/novo\/wp-content\/uploads\/2017\/05\/Manuten\u00e7\u00e3o-de-ilumina\u00e7\u00e3o-p\u00fablica-em-S\u00e3o-Louren\u00e7o-da-Serra-1.jpg\"><img decoding=\"async\" loading=\"lazy\" class=\"alignleft size-thumbnail wp-image-609\" src=\"http:\/\/saolourencodaserra.sp.gov.br\/novo\/wp-content\/uploads\/2017\/05\/Manuten\u00e7\u00e3o-de-ilumina\u00e7\u00e3o-p\u00fablica-em-S\u00e3o-Louren\u00e7o-da-Serra-1-150x150.jpg\" alt=\"Manuten\u00e7\u00e3o de ilumina\u00e7\u00e3o p\u00fablica em S\u00e3o Louren\u00e7o da Serra\" width=\"150\" height=\"150\" srcset=\"http:\/\/saolourencodaserra.sp.gov.br\/novo\/wp-content\/uploads\/2017\/05\/Manuten\u00e7\u00e3o-de-ilumina\u00e7\u00e3o-p\u00fablica-em-S\u00e3o-Louren\u00e7o-da-Serra-1-150x150.jpg 150w, http:\/\/saolourencodaserra.sp.gov.br\/novo\/wp-content\/uploads\/2017\/05\/Manuten\u00e7\u00e3o-de-ilumina\u00e7\u00e3o-p\u00fablica-em-S\u00e3o-Louren\u00e7o-da-Serra-1-70x70.jpg 70w, http:\/\/saolourencodaserra.sp.gov.br\/novo\/wp-content\/uploads\/2017\/05\/Manuten\u00e7\u00e3o-de-ilumina\u00e7\u00e3o-p\u00fablica-em-S\u00e3o-Louren\u00e7o-da-Serra-1-330x330.jpg 330w\" sizes=\"(max-width: 150px) 100vw, 150px\" \/><\/a> <a href=\"http:\/\/saolourencodaserra.sp.gov.br\/novo\/wp-content\/uploads\/2017\/05\/Manuten\u00e7\u00e3o-de-ilumina\u00e7\u00e3o-p\u00fablica-em-S\u00e3o-Louren\u00e7o-da-Serra-2.jpg\"><img decoding=\"async\" loading=\"lazy\" class=\"alignleft size-thumbnail wp-image-610\" src=\"http:\/\/saolourencodaserra.sp.gov.br\/novo\/wp-content\/uploads\/2017\/05\/Manuten\u00e7\u00e3o-de-ilumina\u00e7\u00e3o-p\u00fablica-em-S\u00e3o-Louren\u00e7o-da-Serra-2-150x150.jpg\" alt=\"Manuten\u00e7\u00e3o de ilumina\u00e7\u00e3o p\u00fablica em S\u00e3o Louren\u00e7o da Serra\" width=\"150\" height=\"150\" srcset=\"http:\/\/saolourencodaserra.sp.gov.br\/novo\/wp-content\/uploads\/2017\/05\/Manuten\u00e7\u00e3o-de-ilumina\u00e7\u00e3o-p\u00fablica-em-S\u00e3o-Louren\u00e7o-da-Serra-2-150x150.jpg 150w, http:\/\/saolourencodaserra.sp.gov.br\/novo\/wp-content\/uploads\/2017\/05\/Manuten\u00e7\u00e3o-de-ilumina\u00e7\u00e3o-p\u00fablica-em-S\u00e3o-Louren\u00e7o-da-Serra-2-70x70.jpg 70w, http:\/\/saolourencodaserra.sp.gov.br\/novo\/wp-content\/uploads\/2017\/05\/Manuten\u00e7\u00e3o-de-ilumina\u00e7\u00e3o-p\u00fablica-em-S\u00e3o-Louren\u00e7o-da-Serra-2-330x330.jpg 330w\" sizes=\"(max-width: 150px) 100vw, 150px\" \/><\/a> <a href=\"http:\/\/saolourencodaserra.sp.gov.br\/novo\/wp-content\/uploads\/2017\/05\/Manuten\u00e7\u00e3o-de-ilumina\u00e7\u00e3o-p\u00fablica-em-S\u00e3o-Louren\u00e7o-da-Serra-3.jpg\"><img decoding=\"async\" loading=\"lazy\" class=\"alignleft size-thumbnail wp-image-611\" src=\"http:\/\/saolourencodaserra.sp.gov.br\/novo\/wp-content\/uploads\/2017\/05\/Manuten\u00e7\u00e3o-de-ilumina\u00e7\u00e3o-p\u00fablica-em-S\u00e3o-Louren\u00e7o-da-Serra-3-150x150.jpg\" alt=\"Manuten\u00e7\u00e3o de ilumina\u00e7\u00e3o p\u00fablica em S\u00e3o Louren\u00e7o da Serra\" width=\"150\" height=\"150\" srcset=\"http:\/\/saolourencodaserra.sp.gov.br\/novo\/wp-content\/uploads\/2017\/05\/Manuten\u00e7\u00e3o-de-ilumina\u00e7\u00e3o-p\u00fablica-em-S\u00e3o-Louren\u00e7o-da-Serra-3-150x150.jpg 150w, http:\/\/saolourencodaserra.sp.gov.br\/novo\/wp-content\/uploads\/2017\/05\/Manuten\u00e7\u00e3o-de-ilumina\u00e7\u00e3o-p\u00fablica-em-S\u00e3o-Louren\u00e7o-da-Serra-3-70x70.jpg 70w, http:\/\/saolourencodaserra.sp.gov.br\/novo\/wp-content\/uploads\/2017\/05\/Manuten\u00e7\u00e3o-de-ilumina\u00e7\u00e3o-p\u00fablica-em-S\u00e3o-Louren\u00e7o-da-Serra-3-330x330.jpg 330w\" sizes=\"(max-width: 150px) 100vw, 150px\" \/><\/a><\/p>\n","protected":false},"excerpt":{"rendered":"<p>Iniciou hoje a manuten\u00e7\u00e3o das l\u00e2mpadas nos postes p\u00fablicos em nosso munic\u00edpio pela empresa respons\u00e1vel\u00a0 &#8211; FZ Constru\u00e7\u00f5es Ltda. &#8211; que estar\u00e1 restabelecendo a ilumina\u00e7\u00e3o p\u00fablica dando maior seguran\u00e7a para toda popula\u00e7\u00e3o. Este servi\u00e7o ser\u00e1 executado em todos os locais que se encontram com problemas de ilumina\u00e7\u00e3o p\u00fablica dentro de um cronograma elaborado pela empresa.<\/p>\n","protected":false},"author":1,"featured_media":609,"comment_status":"open","ping_status":"open","sticky":false,"template":"","format":"standard","meta":[],"categories":[21],"tags":[],"_links":{"self":[{"href":"http:\/\/saolourencodaserra.sp.gov.br\/novo\/wp-json\/wp\/v2\/posts\/608"}],"collection":[{"href":"http:\/\/saolourencodaserra.sp.gov.br\/novo\/wp-json\/wp\/v2\/posts"}],"about":[{"href":"http:\/\/saolourencodaserra.sp.gov.br\/novo\/wp-json\/wp\/v2\/types\/post"}],"author":[{"embeddable":true,"href":"http:\/\/saolourencodaserra.sp.gov.br\/novo\/wp-json\/wp\/v2\/users\/1"}],"replies":[{"embeddable":true,"href":"http:\/\/saolourencodaserra.sp.gov.br\/novo\/wp-json\/wp\/v2\/comments?post=608"}],"version-history":[{"count":0,"href":"http:\/\/saolourencodaserra.sp.gov.br\/novo\/wp-json\/wp\/v2\/posts\/608\/revisions"}],"wp:featuredmedia":[{"embeddable":true,"href":"http:\/\/saolourencodaserra.sp.gov.br\/novo\/wp-json\/wp\/v2\/media\/609"}],"wp:attachment":[{"href":"http:\/\/saolourencodaserra.sp.gov.br\/novo\/wp-json\/wp\/v2\/media?parent=608"}],"wp:term":[{"taxonomy":"category","embeddable":true,"href":"http:\/\/saolourencodaserra.sp.gov.br\/novo\/wp-json\/wp\/v2\/categories?post=608"},{"taxonomy":"post_tag","embeddable":true,"href":"http:\/\/saolourencodaserra.sp.gov.br\/novo\/wp-json\/wp\/v2\/tags?post=608"}],"curies":[{"name":"wp","href":"https:\/\/api.w.org\/{rel}","templated":true}]}}