{"id":5722,"date":"2021-09-15T15:57:04","date_gmt":"2021-09-15T18:57:04","guid":{"rendered":"http:\/\/saolourencodaserra.sp.gov.br\/novo\/?p=5722"},"modified":"2021-09-15T16:06:07","modified_gmt":"2021-09-15T19:06:07","slug":"lista-de-convocados-para-programa-bolsa-trabalho","status":"publish","type":"post","link":"http:\/\/saolourencodaserra.sp.gov.br\/novo\/lista-de-convocados-para-programa-bolsa-trabalho\/","title":{"rendered":"LISTA DE CONVOCADOS PARA O PROGRAMA BOLSA-TRABALHO"},"content":{"rendered":"<p class=\"_04xlpA direction-ltr align-start para-style-body\"><a href=\"http:\/\/saolourencodaserra.sp.gov.br\/novo\/wp-content\/uploads\/2021\/09\/Copia-de-Copia-de-VOLTA-AS-AULAS.png\"><img decoding=\"async\" loading=\"lazy\" class=\"aligncenter size-full wp-image-5723\" src=\"http:\/\/saolourencodaserra.sp.gov.br\/novo\/wp-content\/uploads\/2021\/09\/Copia-de-Copia-de-VOLTA-AS-AULAS.png\" alt=\"\" width=\"1080\" height=\"1080\" srcset=\"http:\/\/saolourencodaserra.sp.gov.br\/novo\/wp-content\/uploads\/2021\/09\/Copia-de-Copia-de-VOLTA-AS-AULAS.png 1080w, http:\/\/saolourencodaserra.sp.gov.br\/novo\/wp-content\/uploads\/2021\/09\/Copia-de-Copia-de-VOLTA-AS-AULAS-300x300.png 300w, http:\/\/saolourencodaserra.sp.gov.br\/novo\/wp-content\/uploads\/2021\/09\/Copia-de-Copia-de-VOLTA-AS-AULAS-1024x1024.png 1024w, http:\/\/saolourencodaserra.sp.gov.br\/novo\/wp-content\/uploads\/2021\/09\/Copia-de-Copia-de-VOLTA-AS-AULAS-150x150.png 150w, http:\/\/saolourencodaserra.sp.gov.br\/novo\/wp-content\/uploads\/2021\/09\/Copia-de-Copia-de-VOLTA-AS-AULAS-768x768.png 768w, http:\/\/saolourencodaserra.sp.gov.br\/novo\/wp-content\/uploads\/2021\/09\/Copia-de-Copia-de-VOLTA-AS-AULAS-70x70.png 70w\" sizes=\"(max-width: 1080px) 100vw, 1080px\" \/><\/a><\/p>\n<p>&nbsp;<\/p>\n<p style=\"padding-left: 40px; text-align: center;\"><span style=\"font-family: 'arial black', sans-serif; color: #003300; font-size: 20px;\">CONFIRA ABAIXO A LISTA DE CONVOCADOS DO PROGRAMA BOLSA-TRABALHO:<\/span><\/p>\n<p>&nbsp;<\/p>\n<p><span style=\"font-family: arial, helvetica, sans-serif; font-size: 20px; color: #000000;\">Adriana Cavalcanti<\/span><\/p>\n<p><span style=\"font-family: arial, helvetica, sans-serif; font-size: 20px; color: #000000;\">Adriana Maria De Amorim\u00a0<\/span><\/p>\n<p><span style=\"font-family: arial, helvetica, sans-serif; font-size: 20px; color: #000000;\">Alice De Oliveira\u00a0<\/span><\/p>\n<p><span style=\"font-family: arial, helvetica, sans-serif; font-size: 20px; color: #000000;\">Aline Pires Rezende\u00a0<\/span><\/p>\n<p><span style=\"font-family: arial, helvetica, sans-serif; font-size: 20px; color: #000000;\">Almira Paix\u00e3o\u00a0<\/span><\/p>\n<p><span style=\"font-family: arial, helvetica, sans-serif; font-size: 20px; color: #000000;\">Anay Aparecida Fortunato\u00a0<\/span><\/p>\n<p><span style=\"font-family: arial, helvetica, sans-serif; font-size: 20px; color: #000000;\">Andreia Maria\u00a0<\/span><\/p>\n<p><span style=\"font-family: arial, helvetica, sans-serif; font-size: 20px; color: #000000;\">Angela Zacarias\u00a0<\/span><\/p>\n<p><span style=\"font-family: arial, helvetica, sans-serif; font-size: 20px; color: #000000;\">Angela Cristina Pereira Rodrigues\u00a0<\/span><\/p>\n<p><span style=\"font-family: arial, helvetica, sans-serif; font-size: 20px; color: #000000;\">Ang\u00e9lica Aparecida Alves\u00a0<\/span><\/p>\n<p><span style=\"font-family: arial, helvetica, sans-serif; font-size: 20px; color: #000000;\">Ang\u00e9lica Correia De Oliveira\u00a0<\/span><\/p>\n<p><span style=\"font-family: arial, helvetica, sans-serif; font-size: 20px; color: #000000;\">Aparecida Pinto De Moraes\u00a0<\/span><\/p>\n<p><span style=\"font-family: arial, helvetica, sans-serif; font-size: 20px; color: #000000;\">Ariane Gabriela Carvalho<\/span><\/p>\n<p><span style=\"font-family: arial, helvetica, sans-serif; font-size: 20px; color: #000000;\">Camila Aparecida De Moraes<\/span><\/p>\n<p><span style=\"font-family: arial, helvetica, sans-serif; font-size: 20px; color: #000000;\">Cintia Gomes De Assis Pedroso\u00a0<\/span><\/p>\n<p><span style=\"font-family: arial, helvetica, sans-serif; font-size: 20px; color: #000000;\">Cintia Priscila Gloria De Camargo\u00a0<\/span><\/p>\n<p><span style=\"font-family: arial, helvetica, sans-serif; font-size: 20px; color: #000000;\">Cirlene Oliveira Gon\u00e7alves<\/span><\/p>\n<p><span style=\"font-family: arial, helvetica, sans-serif; font-size: 20px; color: #000000;\">Dayane Oliveira Da Silva\u00a0<\/span><\/p>\n<p><span style=\"font-family: arial, helvetica, sans-serif; font-size: 20px; color: #000000;\">D\u00e9bora Silva\u00a0<\/span><\/p>\n<p><span style=\"font-family: arial, helvetica, sans-serif; font-size: 20px; color: #000000;\">Dina Mairili Saturnino De Camargo\u00a0<\/span><\/p>\n<p><span style=\"font-family: arial, helvetica, sans-serif; font-size: 20px; color: #000000;\">Eliene Santos Mendes\u00a0<\/span><\/p>\n<p><span style=\"font-family: arial, helvetica, sans-serif; font-size: 20px; color: #000000;\">Elizeu De Moraes Quadros\u00a0<\/span><\/p>\n<p><span style=\"font-family: arial, helvetica, sans-serif; font-size: 20px; color: #000000;\">Emerson Dos Santos Silva\u00a0<\/span><\/p>\n<p><span style=\"font-family: arial, helvetica, sans-serif; font-size: 20px; color: #000000;\">Gabrielly De Araujo Medeiros\u00a0<\/span><\/p>\n<p><span style=\"font-family: arial, helvetica, sans-serif; font-size: 20px; color: #000000;\">Gessika Aline Oliveira M. Silva\u00a0<\/span><\/p>\n<p><span style=\"font-family: arial, helvetica, sans-serif; font-size: 20px; color: #000000;\">Gloria Lopes\u00a0<\/span><\/p>\n<p><span style=\"font-family: arial, helvetica, sans-serif; font-size: 20px; color: #000000;\">Isabella Rabelato Dos Santos Salgueiro\u00a0<\/span><\/p>\n<p><span style=\"font-family: arial, helvetica, sans-serif; font-size: 20px; color: #000000;\">Isabella Santos\u00a0<\/span><\/p>\n<p><span style=\"font-family: arial, helvetica, sans-serif; font-size: 20px; color: #000000;\">Izabel Nunes Pereira Franco\u00a0<\/span><\/p>\n<p><span style=\"font-family: arial, helvetica, sans-serif; font-size: 20px; color: #000000;\">Josiane Aparecida Fernandes\u00a0<\/span><\/p>\n<p><span style=\"font-family: arial, helvetica, sans-serif; font-size: 20px; color: #000000;\">Juliana Marinho Da Silva\u00a0<\/span><\/p>\n<p><span style=\"font-family: arial, helvetica, sans-serif; font-size: 20px; color: #000000;\">Jusciara Brito\u00a0<\/span><\/p>\n<p><span style=\"font-family: arial, helvetica, sans-serif; font-size: 20px; color: #000000;\">Keroline Moreira Silva Pedroso\u00a0<\/span><\/p>\n<p><span style=\"font-family: arial, helvetica, sans-serif; font-size: 20px; color: #000000;\">Luciene Da Silva Eduardo\u00a0<\/span><\/p>\n<p><span style=\"font-family: arial, helvetica, sans-serif; font-size: 20px; color: #000000;\">Magda Marques\u00a0<\/span><\/p>\n<p><span style=\"font-family: arial, helvetica, sans-serif; font-size: 20px; color: #000000;\">Maria Lucia Da Silva\u00a0<\/span><\/p>\n<p><span style=\"font-family: arial, helvetica, sans-serif; font-size: 20px; color: #000000;\">Maria Santos<\/span><\/p>\n<p><span style=\"font-family: arial, helvetica, sans-serif; font-size: 20px; color: #000000;\">Maria Das Gra\u00e7as Moreira Gomes\u00a0<\/span><\/p>\n<p><span style=\"font-family: arial, helvetica, sans-serif; font-size: 20px; color: #000000;\">Maria Eliene Ferreira Lima\u00a0<\/span><\/p>\n<p><span style=\"font-family: arial, helvetica, sans-serif; font-size: 20px; color: #000000;\">Nair Lauro<\/span><\/p>\n<p><span style=\"font-family: arial, helvetica, sans-serif; font-size: 20px; color: #000000;\">Pamela Rezende\u00a0<\/span><\/p>\n<p><span style=\"font-family: arial, helvetica, sans-serif; font-size: 20px; color: #000000;\">Patricia Nunes\u00a0<\/span><\/p>\n<p><span style=\"font-family: arial, helvetica, sans-serif; font-size: 20px; color: #000000;\">Raquel Aparecida Alves<\/span><\/p>\n<p><span style=\"font-family: arial, helvetica, sans-serif; font-size: 20px; color: #000000;\">Raquel Damasceno Pereira Alves<\/span><\/p>\n<p><span style=\"font-family: arial, helvetica, sans-serif; font-size: 20px; color: #000000;\">Rita de Cassia Nascimento Santos\u00a0<\/span><\/p>\n<p><span style=\"font-family: arial, helvetica, sans-serif; font-size: 20px; color: #000000;\">Rosa Vieira Silva\u00a0<\/span><\/p>\n<p><span style=\"font-family: arial, helvetica, sans-serif; font-size: 20px; color: #000000;\">Roseli F\u00e1tima Ferreira\u00a0<\/span><\/p>\n<p><span style=\"font-family: arial, helvetica, sans-serif; font-size: 20px; color: #000000;\">Rosemeire Alves De Oliveira\u00a0<\/span><\/p>\n<p><span style=\"font-family: arial, helvetica, sans-serif; font-size: 20px; color: #000000;\">Samantha Vitoria De Oliveira\u00a0<\/span><\/p>\n<p><span style=\"font-family: arial, helvetica, sans-serif; font-size: 20px; color: #000000;\">Sandra Do Carmo Figueira\u00a0<\/span><\/p>\n<p><span style=\"font-family: arial, helvetica, sans-serif; font-size: 20px; color: #000000;\">Silvana Moraes Quadros\u00a0<\/span><\/p>\n<p><span style=\"font-family: arial, helvetica, sans-serif; font-size: 20px; color: #000000;\">Sofia Aparecida De Carvalho Fontoura\u00a0<\/span><\/p>\n<p><span style=\"font-family: arial, helvetica, sans-serif; font-size: 20px; color: #000000;\">Suza Mara Anastacio\u00a0<\/span><\/p>\n<p><span style=\"font-family: arial, helvetica, sans-serif; font-size: 20px; color: #000000;\">Taina De Moraes Borba\u00a0<\/span><\/p>\n<p><span style=\"font-family: arial, helvetica, sans-serif; font-size: 20px; color: #000000;\">Vanderlilha Carvalho Dos Santos\u00a0<\/span><\/p>\n<p><span style=\"font-family: arial, helvetica, sans-serif; font-size: 20px; color: #000000;\">Vanessa Da Silva Franklin Domingues\u00a0<\/span><\/p>\n<p><span style=\"font-family: arial, helvetica, sans-serif; font-size: 20px; color: #000000;\">Vera De Camargo Cintra\u00a0<\/span><\/p>\n<p><span style=\"font-family: arial, helvetica, sans-serif; font-size: 20px; color: #000000;\">Zeni Aparecida Ferreira\u00a0<\/span><\/p>\n<p><span style=\"font-family: arial, helvetica, sans-serif; font-size: 20px; color: #000000;\">Zilda Ribeiro\u00a0<\/span><\/p>\n<p>&nbsp;<\/p>\n<p><span class=\"JsGRdQ\" style=\"font-size: 20px; font-family: arial, helvetica, sans-serif; color: #000000;\">Os mun\u00edcipes selecionados dever\u00e3o comparecer no CRAS entre 15 e 16 de setembro para apresenta\u00e7\u00e3o e verifica\u00e7\u00e3o dos documentos. <\/span><\/p>\n<p class=\"_04xlpA direction-ltr align-justify para-style-body\"><span style=\"font-size: 20px; color: #000000;\"><strong><span class=\"JsGRdQ\" style=\"font-family: arial, helvetica, sans-serif;\">Documentos necess\u00e1rios:<\/span><\/strong><\/span><\/p>\n<p class=\"_04xlpA direction-ltr align-justify para-style-body\"><span class=\"JsGRdQ\" style=\"font-size: 20px; font-family: arial, helvetica, sans-serif; color: #000000;\">Xerox do CPF, RG, comprovante de endere\u00e7o e carteira de trabalho.<\/span><\/p>\n<p class=\"_04xlpA direction-ltr align-start para-style-body\"><span style=\"font-size: 20px; color: #000000;\"><strong><span class=\"JsGRdQ\" style=\"font-family: arial, helvetica, sans-serif;\">Para mais informa\u00e7\u00f5es:<\/span><\/strong><\/span><\/p>\n<p class=\"_04xlpA direction-ltr align-start para-style-body\"><span class=\"JsGRdQ\" style=\"font-size: 20px; font-family: arial, helvetica, sans-serif; color: #000000;\">(11) 4686-2461 ou 4686-4054<\/span><\/p>\n<p>&nbsp;<\/p>\n","protected":false},"excerpt":{"rendered":"<p>&nbsp; CONFIRA ABAIXO A LISTA DE CONVOCADOS DO PROGRAMA BOLSA-TRABALHO: &nbsp; Adriana Cavalcanti Adriana Maria De Amorim\u00a0 Alice De Oliveira\u00a0 Aline Pires Rezende\u00a0 Almira Paix\u00e3o\u00a0 Anay Aparecida Fortunato\u00a0 Andreia Maria\u00a0 Angela Zacarias\u00a0 Angela Cristina Pereira Rodrigues\u00a0 Ang\u00e9lica Aparecida Alves\u00a0 Ang\u00e9lica Correia De Oliveira\u00a0 Aparecida Pinto De Moraes\u00a0 Ariane Gabriela Carvalho Camila Aparecida De Moraes Cintia &#8230;<\/p>\n","protected":false},"author":1,"featured_media":0,"comment_status":"open","ping_status":"open","sticky":false,"template":"","format":"standard","meta":[],"categories":[25],"tags":[],"_links":{"self":[{"href":"http:\/\/saolourencodaserra.sp.gov.br\/novo\/wp-json\/wp\/v2\/posts\/5722"}],"collection":[{"href":"http:\/\/saolourencodaserra.sp.gov.br\/novo\/wp-json\/wp\/v2\/posts"}],"about":[{"href":"http:\/\/saolourencodaserra.sp.gov.br\/novo\/wp-json\/wp\/v2\/types\/post"}],"author":[{"embeddable":true,"href":"http:\/\/saolourencodaserra.sp.gov.br\/novo\/wp-json\/wp\/v2\/users\/1"}],"replies":[{"embeddable":true,"href":"http:\/\/saolourencodaserra.sp.gov.br\/novo\/wp-json\/wp\/v2\/comments?post=5722"}],"version-history":[{"count":0,"href":"http:\/\/saolourencodaserra.sp.gov.br\/novo\/wp-json\/wp\/v2\/posts\/5722\/revisions"}],"wp:attachment":[{"href":"http:\/\/saolourencodaserra.sp.gov.br\/novo\/wp-json\/wp\/v2\/media?parent=5722"}],"wp:term":[{"taxonomy":"category","embeddable":true,"href":"http:\/\/saolourencodaserra.sp.gov.br\/novo\/wp-json\/wp\/v2\/categories?post=5722"},{"taxonomy":"post_tag","embeddable":true,"href":"http:\/\/saolourencodaserra.sp.gov.br\/novo\/wp-json\/wp\/v2\/tags?post=5722"}],"curies":[{"name":"wp","href":"https:\/\/api.w.org\/{rel}","templated":true}]}}