{"id":463,"date":"2017-01-18T23:14:11","date_gmt":"2017-01-19T01:14:11","guid":{"rendered":"http:\/\/saolourencodaserra.sp.gov.br\/novo\/?p=463"},"modified":"2017-05-01T23:15:32","modified_gmt":"2017-05-02T02:15:32","slug":"bairro-triangulo-azul-recebe-obra-de-reparo-de-ponte","status":"publish","type":"post","link":"http:\/\/saolourencodaserra.sp.gov.br\/novo\/bairro-triangulo-azul-recebe-obra-de-reparo-de-ponte\/","title":{"rendered":"Bairro do Tri\u00e2ngulo Azul recebe obra de reparo de ponte"},"content":{"rendered":"<h3>Reparo de ponte no bairro do Tri\u00e2ngulo Azul<\/h3>\n<p>A Prefeitura Municipal de S\u00e3o Louren\u00e7o da Serra executou reparo na ponte da R. Sto. Expedito no Bairro no Bairro do Tri\u00e2ngulo Azul para maior seguran\u00e7a comodidade a popula\u00e7\u00e3o local.<br \/>\n<strong>#TrabalhandodeVerdade<\/strong><\/p>\n<p><a href=\"http:\/\/saolourencodaserra.sp.gov.br\/novo\/wp-content\/uploads\/2017\/05\/Ponte-Tri\u00e2ngulo-Azul-Antes.jpg\"><img decoding=\"async\" loading=\"lazy\" class=\"alignleft size-thumbnail wp-image-464\" src=\"http:\/\/saolourencodaserra.sp.gov.br\/novo\/wp-content\/uploads\/2017\/05\/Ponte-Tri\u00e2ngulo-Azul-Antes-150x150.jpg\" alt=\"Bairro do Tri\u00e2ngulo Azul recebe obra de reparo de ponte\" width=\"150\" height=\"150\" srcset=\"http:\/\/saolourencodaserra.sp.gov.br\/novo\/wp-content\/uploads\/2017\/05\/Ponte-Tri\u00e2ngulo-Azul-Antes-150x150.jpg 150w, http:\/\/saolourencodaserra.sp.gov.br\/novo\/wp-content\/uploads\/2017\/05\/Ponte-Tri\u00e2ngulo-Azul-Antes-70x70.jpg 70w\" sizes=\"(max-width: 150px) 100vw, 150px\" \/><\/a><a href=\"http:\/\/saolourencodaserra.sp.gov.br\/novo\/wp-content\/uploads\/2017\/05\/Ponte-Tri\u00e2ngulo-Azul-Depois.jpg\"><img decoding=\"async\" loading=\"lazy\" class=\"alignleft size-thumbnail wp-image-465\" src=\"http:\/\/saolourencodaserra.sp.gov.br\/novo\/wp-content\/uploads\/2017\/05\/Ponte-Tri\u00e2ngulo-Azul-Depois-150x150.jpg\" alt=\"Bairro do Tri\u00e2ngulo Azul recebe obra de reparo de ponte\" width=\"150\" height=\"150\" srcset=\"http:\/\/saolourencodaserra.sp.gov.br\/novo\/wp-content\/uploads\/2017\/05\/Ponte-Tri\u00e2ngulo-Azul-Depois-150x150.jpg 150w, http:\/\/saolourencodaserra.sp.gov.br\/novo\/wp-content\/uploads\/2017\/05\/Ponte-Tri\u00e2ngulo-Azul-Depois-70x70.jpg 70w\" sizes=\"(max-width: 150px) 100vw, 150px\" \/><\/a><\/p>\n","protected":false},"excerpt":{"rendered":"<p>Reparo de ponte no bairro do Tri\u00e2ngulo Azul A Prefeitura Municipal de S\u00e3o Louren\u00e7o da Serra executou reparo na ponte da R. Sto. Expedito no Bairro no Bairro do Tri\u00e2ngulo Azul para maior seguran\u00e7a comodidade a popula\u00e7\u00e3o local. #TrabalhandodeVerdade<\/p>\n","protected":false},"author":1,"featured_media":465,"comment_status":"open","ping_status":"open","sticky":false,"template":"","format":"standard","meta":[],"categories":[41,45],"tags":[],"_links":{"self":[{"href":"http:\/\/saolourencodaserra.sp.gov.br\/novo\/wp-json\/wp\/v2\/posts\/463"}],"collection":[{"href":"http:\/\/saolourencodaserra.sp.gov.br\/novo\/wp-json\/wp\/v2\/posts"}],"about":[{"href":"http:\/\/saolourencodaserra.sp.gov.br\/novo\/wp-json\/wp\/v2\/types\/post"}],"author":[{"embeddable":true,"href":"http:\/\/saolourencodaserra.sp.gov.br\/novo\/wp-json\/wp\/v2\/users\/1"}],"replies":[{"embeddable":true,"href":"http:\/\/saolourencodaserra.sp.gov.br\/novo\/wp-json\/wp\/v2\/comments?post=463"}],"version-history":[{"count":0,"href":"http:\/\/saolourencodaserra.sp.gov.br\/novo\/wp-json\/wp\/v2\/posts\/463\/revisions"}],"wp:featuredmedia":[{"embeddable":true,"href":"http:\/\/saolourencodaserra.sp.gov.br\/novo\/wp-json\/wp\/v2\/media\/465"}],"wp:attachment":[{"href":"http:\/\/saolourencodaserra.sp.gov.br\/novo\/wp-json\/wp\/v2\/media?parent=463"}],"wp:term":[{"taxonomy":"category","embeddable":true,"href":"http:\/\/saolourencodaserra.sp.gov.br\/novo\/wp-json\/wp\/v2\/categories?post=463"},{"taxonomy":"post_tag","embeddable":true,"href":"http:\/\/saolourencodaserra.sp.gov.br\/novo\/wp-json\/wp\/v2\/tags?post=463"}],"curies":[{"name":"wp","href":"https:\/\/api.w.org\/{rel}","templated":true}]}}