{"id":3405,"date":"2020-05-13T19:13:17","date_gmt":"2020-05-13T22:13:17","guid":{"rendered":"http:\/\/saolourencodaserra.sp.gov.br\/novo\/?p=3405"},"modified":"2020-05-13T19:13:17","modified_gmt":"2020-05-13T22:13:17","slug":"prestacao-de-contas-das-acoes-tomadas-na-pandemia-do-covid-19","status":"publish","type":"post","link":"http:\/\/saolourencodaserra.sp.gov.br\/novo\/prestacao-de-contas-das-acoes-tomadas-na-pandemia-do-covid-19\/","title":{"rendered":"Presta\u00e7\u00e3o de contas das a\u00e7\u00f5es tomadas na Pandemia do Covid &#8211; 19."},"content":{"rendered":"<p><a href=\"http:\/\/saolourencodaserra.sp.gov.br\/novo\/wp-content\/uploads\/2020\/05\/PRESTA\u00c7\u00c3O-DE-CONTAS-DAS-A\u00c7\u00d5ES-TOMADAS-PELA-ADMINISTRA\u00c7\u00c3O-P\u00daBLICA-DO-MUNIC\u00cdPIO-DE-S\u00c3O-LOUREN\u00c7O-DA-SERRA-COM-REFERENCIA-AO-ENFRENTAMENTO-DA-PANDEMIA-DO-NOVO-CORONA-V\u00cdRUS-01.jpg\"><img decoding=\"async\" loading=\"lazy\" class=\"aligncenter size-full wp-image-3406\" src=\"http:\/\/saolourencodaserra.sp.gov.br\/novo\/wp-content\/uploads\/2020\/05\/PRESTA\u00c7\u00c3O-DE-CONTAS-DAS-A\u00c7\u00d5ES-TOMADAS-PELA-ADMINISTRA\u00c7\u00c3O-P\u00daBLICA-DO-MUNIC\u00cdPIO-DE-S\u00c3O-LOUREN\u00c7O-DA-SERRA-COM-REFERENCIA-AO-ENFRENTAMENTO-DA-PANDEMIA-DO-NOVO-CORONA-V\u00cdRUS-01.jpg\" alt=\"\" width=\"1654\" height=\"2339\" srcset=\"http:\/\/saolourencodaserra.sp.gov.br\/novo\/wp-content\/uploads\/2020\/05\/PRESTA\u00c7\u00c3O-DE-CONTAS-DAS-A\u00c7\u00d5ES-TOMADAS-PELA-ADMINISTRA\u00c7\u00c3O-P\u00daBLICA-DO-MUNIC\u00cdPIO-DE-S\u00c3O-LOUREN\u00c7O-DA-SERRA-COM-REFERENCIA-AO-ENFRENTAMENTO-DA-PANDEMIA-DO-NOVO-CORONA-V\u00cdRUS-01.jpg 1654w, http:\/\/saolourencodaserra.sp.gov.br\/novo\/wp-content\/uploads\/2020\/05\/PRESTA\u00c7\u00c3O-DE-CONTAS-DAS-A\u00c7\u00d5ES-TOMADAS-PELA-ADMINISTRA\u00c7\u00c3O-P\u00daBLICA-DO-MUNIC\u00cdPIO-DE-S\u00c3O-LOUREN\u00c7O-DA-SERRA-COM-REFERENCIA-AO-ENFRENTAMENTO-DA-PANDEMIA-DO-NOVO-CORONA-V\u00cdRUS-01-212x300.jpg 212w, http:\/\/saolourencodaserra.sp.gov.br\/novo\/wp-content\/uploads\/2020\/05\/PRESTA\u00c7\u00c3O-DE-CONTAS-DAS-A\u00c7\u00d5ES-TOMADAS-PELA-ADMINISTRA\u00c7\u00c3O-P\u00daBLICA-DO-MUNIC\u00cdPIO-DE-S\u00c3O-LOUREN\u00c7O-DA-SERRA-COM-REFERENCIA-AO-ENFRENTAMENTO-DA-PANDEMIA-DO-NOVO-CORONA-V\u00cdRUS-01-724x1024.jpg 724w, http:\/\/saolourencodaserra.sp.gov.br\/novo\/wp-content\/uploads\/2020\/05\/PRESTA\u00c7\u00c3O-DE-CONTAS-DAS-A\u00c7\u00d5ES-TOMADAS-PELA-ADMINISTRA\u00c7\u00c3O-P\u00daBLICA-DO-MUNIC\u00cdPIO-DE-S\u00c3O-LOUREN\u00c7O-DA-SERRA-COM-REFERENCIA-AO-ENFRENTAMENTO-DA-PANDEMIA-DO-NOVO-CORONA-V\u00cdRUS-01-768x1086.jpg 768w, http:\/\/saolourencodaserra.sp.gov.br\/novo\/wp-content\/uploads\/2020\/05\/PRESTA\u00c7\u00c3O-DE-CONTAS-DAS-A\u00c7\u00d5ES-TOMADAS-PELA-ADMINISTRA\u00c7\u00c3O-P\u00daBLICA-DO-MUNIC\u00cdPIO-DE-S\u00c3O-LOUREN\u00c7O-DA-SERRA-COM-REFERENCIA-AO-ENFRENTAMENTO-DA-PANDEMIA-DO-NOVO-CORONA-V\u00cdRUS-01-1086x1536.jpg 1086w, http:\/\/saolourencodaserra.sp.gov.br\/novo\/wp-content\/uploads\/2020\/05\/PRESTA\u00c7\u00c3O-DE-CONTAS-DAS-A\u00c7\u00d5ES-TOMADAS-PELA-ADMINISTRA\u00c7\u00c3O-P\u00daBLICA-DO-MUNIC\u00cdPIO-DE-S\u00c3O-LOUREN\u00c7O-DA-SERRA-COM-REFERENCIA-AO-ENFRENTAMENTO-DA-PANDEMIA-DO-NOVO-CORONA-V\u00cdRUS-01-1448x2048.jpg 1448w\" sizes=\"(max-width: 1654px) 100vw, 1654px\" \/><\/a> <a href=\"http:\/\/saolourencodaserra.sp.gov.br\/novo\/wp-content\/uploads\/2020\/05\/PRESTA\u00c7\u00c3O-DE-CONTAS-DAS-A\u00c7\u00d5ES-TOMADAS-PELA-ADMINISTRA\u00c7\u00c3O-P\u00daBLICA-DO-MUNIC\u00cdPIO-DE-S\u00c3O-LOUREN\u00c7O-DA-SERRA-COM-REFERENCIA-AO-ENFRENTAMENTO-DA-PANDEMIA-DO-NOVO-CORONA-V\u00cdRUS-02.jpg\"><img decoding=\"async\" loading=\"lazy\" class=\"aligncenter size-full wp-image-3407\" src=\"http:\/\/saolourencodaserra.sp.gov.br\/novo\/wp-content\/uploads\/2020\/05\/PRESTA\u00c7\u00c3O-DE-CONTAS-DAS-A\u00c7\u00d5ES-TOMADAS-PELA-ADMINISTRA\u00c7\u00c3O-P\u00daBLICA-DO-MUNIC\u00cdPIO-DE-S\u00c3O-LOUREN\u00c7O-DA-SERRA-COM-REFERENCIA-AO-ENFRENTAMENTO-DA-PANDEMIA-DO-NOVO-CORONA-V\u00cdRUS-02.jpg\" alt=\"\" width=\"1654\" height=\"2339\" srcset=\"http:\/\/saolourencodaserra.sp.gov.br\/novo\/wp-content\/uploads\/2020\/05\/PRESTA\u00c7\u00c3O-DE-CONTAS-DAS-A\u00c7\u00d5ES-TOMADAS-PELA-ADMINISTRA\u00c7\u00c3O-P\u00daBLICA-DO-MUNIC\u00cdPIO-DE-S\u00c3O-LOUREN\u00c7O-DA-SERRA-COM-REFERENCIA-AO-ENFRENTAMENTO-DA-PANDEMIA-DO-NOVO-CORONA-V\u00cdRUS-02.jpg 1654w, http:\/\/saolourencodaserra.sp.gov.br\/novo\/wp-content\/uploads\/2020\/05\/PRESTA\u00c7\u00c3O-DE-CONTAS-DAS-A\u00c7\u00d5ES-TOMADAS-PELA-ADMINISTRA\u00c7\u00c3O-P\u00daBLICA-DO-MUNIC\u00cdPIO-DE-S\u00c3O-LOUREN\u00c7O-DA-SERRA-COM-REFERENCIA-AO-ENFRENTAMENTO-DA-PANDEMIA-DO-NOVO-CORONA-V\u00cdRUS-02-212x300.jpg 212w, http:\/\/saolourencodaserra.sp.gov.br\/novo\/wp-content\/uploads\/2020\/05\/PRESTA\u00c7\u00c3O-DE-CONTAS-DAS-A\u00c7\u00d5ES-TOMADAS-PELA-ADMINISTRA\u00c7\u00c3O-P\u00daBLICA-DO-MUNIC\u00cdPIO-DE-S\u00c3O-LOUREN\u00c7O-DA-SERRA-COM-REFERENCIA-AO-ENFRENTAMENTO-DA-PANDEMIA-DO-NOVO-CORONA-V\u00cdRUS-02-724x1024.jpg 724w, http:\/\/saolourencodaserra.sp.gov.br\/novo\/wp-content\/uploads\/2020\/05\/PRESTA\u00c7\u00c3O-DE-CONTAS-DAS-A\u00c7\u00d5ES-TOMADAS-PELA-ADMINISTRA\u00c7\u00c3O-P\u00daBLICA-DO-MUNIC\u00cdPIO-DE-S\u00c3O-LOUREN\u00c7O-DA-SERRA-COM-REFERENCIA-AO-ENFRENTAMENTO-DA-PANDEMIA-DO-NOVO-CORONA-V\u00cdRUS-02-768x1086.jpg 768w, http:\/\/saolourencodaserra.sp.gov.br\/novo\/wp-content\/uploads\/2020\/05\/PRESTA\u00c7\u00c3O-DE-CONTAS-DAS-A\u00c7\u00d5ES-TOMADAS-PELA-ADMINISTRA\u00c7\u00c3O-P\u00daBLICA-DO-MUNIC\u00cdPIO-DE-S\u00c3O-LOUREN\u00c7O-DA-SERRA-COM-REFERENCIA-AO-ENFRENTAMENTO-DA-PANDEMIA-DO-NOVO-CORONA-V\u00cdRUS-02-1086x1536.jpg 1086w, http:\/\/saolourencodaserra.sp.gov.br\/novo\/wp-content\/uploads\/2020\/05\/PRESTA\u00c7\u00c3O-DE-CONTAS-DAS-A\u00c7\u00d5ES-TOMADAS-PELA-ADMINISTRA\u00c7\u00c3O-P\u00daBLICA-DO-MUNIC\u00cdPIO-DE-S\u00c3O-LOUREN\u00c7O-DA-SERRA-COM-REFERENCIA-AO-ENFRENTAMENTO-DA-PANDEMIA-DO-NOVO-CORONA-V\u00cdRUS-02-1448x2048.jpg 1448w\" sizes=\"(max-width: 1654px) 100vw, 1654px\" \/><\/a> <a href=\"http:\/\/saolourencodaserra.sp.gov.br\/novo\/wp-content\/uploads\/2020\/05\/PRESTA\u00c7\u00c3O-DE-CONTAS-DAS-A\u00c7\u00d5ES-TOMADAS-PELA-ADMINISTRA\u00c7\u00c3O-P\u00daBLICA-DO-MUNIC\u00cdPIO-DE-S\u00c3O-LOUREN\u00c7O-DA-SERRA-COM-REFERENCIA-AO-ENFRENTAMENTO-DA-PANDEMIA-DO-NOVO-CORONA-V\u00cdRUS-03.jpg\"><img decoding=\"async\" loading=\"lazy\" class=\"aligncenter size-full wp-image-3408\" src=\"http:\/\/saolourencodaserra.sp.gov.br\/novo\/wp-content\/uploads\/2020\/05\/PRESTA\u00c7\u00c3O-DE-CONTAS-DAS-A\u00c7\u00d5ES-TOMADAS-PELA-ADMINISTRA\u00c7\u00c3O-P\u00daBLICA-DO-MUNIC\u00cdPIO-DE-S\u00c3O-LOUREN\u00c7O-DA-SERRA-COM-REFERENCIA-AO-ENFRENTAMENTO-DA-PANDEMIA-DO-NOVO-CORONA-V\u00cdRUS-03.jpg\" alt=\"\" width=\"1654\" height=\"2339\" srcset=\"http:\/\/saolourencodaserra.sp.gov.br\/novo\/wp-content\/uploads\/2020\/05\/PRESTA\u00c7\u00c3O-DE-CONTAS-DAS-A\u00c7\u00d5ES-TOMADAS-PELA-ADMINISTRA\u00c7\u00c3O-P\u00daBLICA-DO-MUNIC\u00cdPIO-DE-S\u00c3O-LOUREN\u00c7O-DA-SERRA-COM-REFERENCIA-AO-ENFRENTAMENTO-DA-PANDEMIA-DO-NOVO-CORONA-V\u00cdRUS-03.jpg 1654w, http:\/\/saolourencodaserra.sp.gov.br\/novo\/wp-content\/uploads\/2020\/05\/PRESTA\u00c7\u00c3O-DE-CONTAS-DAS-A\u00c7\u00d5ES-TOMADAS-PELA-ADMINISTRA\u00c7\u00c3O-P\u00daBLICA-DO-MUNIC\u00cdPIO-DE-S\u00c3O-LOUREN\u00c7O-DA-SERRA-COM-REFERENCIA-AO-ENFRENTAMENTO-DA-PANDEMIA-DO-NOVO-CORONA-V\u00cdRUS-03-212x300.jpg 212w, http:\/\/saolourencodaserra.sp.gov.br\/novo\/wp-content\/uploads\/2020\/05\/PRESTA\u00c7\u00c3O-DE-CONTAS-DAS-A\u00c7\u00d5ES-TOMADAS-PELA-ADMINISTRA\u00c7\u00c3O-P\u00daBLICA-DO-MUNIC\u00cdPIO-DE-S\u00c3O-LOUREN\u00c7O-DA-SERRA-COM-REFERENCIA-AO-ENFRENTAMENTO-DA-PANDEMIA-DO-NOVO-CORONA-V\u00cdRUS-03-724x1024.jpg 724w, http:\/\/saolourencodaserra.sp.gov.br\/novo\/wp-content\/uploads\/2020\/05\/PRESTA\u00c7\u00c3O-DE-CONTAS-DAS-A\u00c7\u00d5ES-TOMADAS-PELA-ADMINISTRA\u00c7\u00c3O-P\u00daBLICA-DO-MUNIC\u00cdPIO-DE-S\u00c3O-LOUREN\u00c7O-DA-SERRA-COM-REFERENCIA-AO-ENFRENTAMENTO-DA-PANDEMIA-DO-NOVO-CORONA-V\u00cdRUS-03-768x1086.jpg 768w, http:\/\/saolourencodaserra.sp.gov.br\/novo\/wp-content\/uploads\/2020\/05\/PRESTA\u00c7\u00c3O-DE-CONTAS-DAS-A\u00c7\u00d5ES-TOMADAS-PELA-ADMINISTRA\u00c7\u00c3O-P\u00daBLICA-DO-MUNIC\u00cdPIO-DE-S\u00c3O-LOUREN\u00c7O-DA-SERRA-COM-REFERENCIA-AO-ENFRENTAMENTO-DA-PANDEMIA-DO-NOVO-CORONA-V\u00cdRUS-03-1086x1536.jpg 1086w, http:\/\/saolourencodaserra.sp.gov.br\/novo\/wp-content\/uploads\/2020\/05\/PRESTA\u00c7\u00c3O-DE-CONTAS-DAS-A\u00c7\u00d5ES-TOMADAS-PELA-ADMINISTRA\u00c7\u00c3O-P\u00daBLICA-DO-MUNIC\u00cdPIO-DE-S\u00c3O-LOUREN\u00c7O-DA-SERRA-COM-REFERENCIA-AO-ENFRENTAMENTO-DA-PANDEMIA-DO-NOVO-CORONA-V\u00cdRUS-03-1448x2048.jpg 1448w\" sizes=\"(max-width: 1654px) 100vw, 1654px\" \/><\/a> <a href=\"http:\/\/saolourencodaserra.sp.gov.br\/novo\/wp-content\/uploads\/2020\/05\/PRESTA\u00c7\u00c3O-DE-CONTAS-DAS-A\u00c7\u00d5ES-TOMADAS-PELA-ADMINISTRA\u00c7\u00c3O-P\u00daBLICA-DO-MUNIC\u00cdPIO-DE-S\u00c3O-LOUREN\u00c7O-DA-SERRA-COM-REFERENCIA-AO-ENFRENTAMENTO-DA-PANDEMIA-DO-NOVO-CORONA-V\u00cdRUS-04.jpg\"><img decoding=\"async\" loading=\"lazy\" class=\"aligncenter size-full wp-image-3409\" src=\"http:\/\/saolourencodaserra.sp.gov.br\/novo\/wp-content\/uploads\/2020\/05\/PRESTA\u00c7\u00c3O-DE-CONTAS-DAS-A\u00c7\u00d5ES-TOMADAS-PELA-ADMINISTRA\u00c7\u00c3O-P\u00daBLICA-DO-MUNIC\u00cdPIO-DE-S\u00c3O-LOUREN\u00c7O-DA-SERRA-COM-REFERENCIA-AO-ENFRENTAMENTO-DA-PANDEMIA-DO-NOVO-CORONA-V\u00cdRUS-04.jpg\" alt=\"\" width=\"1654\" height=\"2339\" srcset=\"http:\/\/saolourencodaserra.sp.gov.br\/novo\/wp-content\/uploads\/2020\/05\/PRESTA\u00c7\u00c3O-DE-CONTAS-DAS-A\u00c7\u00d5ES-TOMADAS-PELA-ADMINISTRA\u00c7\u00c3O-P\u00daBLICA-DO-MUNIC\u00cdPIO-DE-S\u00c3O-LOUREN\u00c7O-DA-SERRA-COM-REFERENCIA-AO-ENFRENTAMENTO-DA-PANDEMIA-DO-NOVO-CORONA-V\u00cdRUS-04.jpg 1654w, http:\/\/saolourencodaserra.sp.gov.br\/novo\/wp-content\/uploads\/2020\/05\/PRESTA\u00c7\u00c3O-DE-CONTAS-DAS-A\u00c7\u00d5ES-TOMADAS-PELA-ADMINISTRA\u00c7\u00c3O-P\u00daBLICA-DO-MUNIC\u00cdPIO-DE-S\u00c3O-LOUREN\u00c7O-DA-SERRA-COM-REFERENCIA-AO-ENFRENTAMENTO-DA-PANDEMIA-DO-NOVO-CORONA-V\u00cdRUS-04-212x300.jpg 212w, http:\/\/saolourencodaserra.sp.gov.br\/novo\/wp-content\/uploads\/2020\/05\/PRESTA\u00c7\u00c3O-DE-CONTAS-DAS-A\u00c7\u00d5ES-TOMADAS-PELA-ADMINISTRA\u00c7\u00c3O-P\u00daBLICA-DO-MUNIC\u00cdPIO-DE-S\u00c3O-LOUREN\u00c7O-DA-SERRA-COM-REFERENCIA-AO-ENFRENTAMENTO-DA-PANDEMIA-DO-NOVO-CORONA-V\u00cdRUS-04-724x1024.jpg 724w, http:\/\/saolourencodaserra.sp.gov.br\/novo\/wp-content\/uploads\/2020\/05\/PRESTA\u00c7\u00c3O-DE-CONTAS-DAS-A\u00c7\u00d5ES-TOMADAS-PELA-ADMINISTRA\u00c7\u00c3O-P\u00daBLICA-DO-MUNIC\u00cdPIO-DE-S\u00c3O-LOUREN\u00c7O-DA-SERRA-COM-REFERENCIA-AO-ENFRENTAMENTO-DA-PANDEMIA-DO-NOVO-CORONA-V\u00cdRUS-04-768x1086.jpg 768w, http:\/\/saolourencodaserra.sp.gov.br\/novo\/wp-content\/uploads\/2020\/05\/PRESTA\u00c7\u00c3O-DE-CONTAS-DAS-A\u00c7\u00d5ES-TOMADAS-PELA-ADMINISTRA\u00c7\u00c3O-P\u00daBLICA-DO-MUNIC\u00cdPIO-DE-S\u00c3O-LOUREN\u00c7O-DA-SERRA-COM-REFERENCIA-AO-ENFRENTAMENTO-DA-PANDEMIA-DO-NOVO-CORONA-V\u00cdRUS-04-1086x1536.jpg 1086w, http:\/\/saolourencodaserra.sp.gov.br\/novo\/wp-content\/uploads\/2020\/05\/PRESTA\u00c7\u00c3O-DE-CONTAS-DAS-A\u00c7\u00d5ES-TOMADAS-PELA-ADMINISTRA\u00c7\u00c3O-P\u00daBLICA-DO-MUNIC\u00cdPIO-DE-S\u00c3O-LOUREN\u00c7O-DA-SERRA-COM-REFERENCIA-AO-ENFRENTAMENTO-DA-PANDEMIA-DO-NOVO-CORONA-V\u00cdRUS-04-1448x2048.jpg 1448w\" sizes=\"(max-width: 1654px) 100vw, 1654px\" \/><\/a> <a href=\"http:\/\/saolourencodaserra.sp.gov.br\/novo\/wp-content\/uploads\/2020\/05\/PRESTA\u00c7\u00c3O-DE-CONTAS-DAS-A\u00c7\u00d5ES-TOMADAS-PELA-ADMINISTRA\u00c7\u00c3O-P\u00daBLICA-DO-MUNIC\u00cdPIO-DE-S\u00c3O-LOUREN\u00c7O-DA-SERRA-COM-REFERENCIA-AO-ENFRENTAMENTO-DA-PANDEMIA-DO-NOVO-CORONA-V\u00cdRUS-05.jpg\"><img decoding=\"async\" loading=\"lazy\" class=\"aligncenter size-full wp-image-3410\" src=\"http:\/\/saolourencodaserra.sp.gov.br\/novo\/wp-content\/uploads\/2020\/05\/PRESTA\u00c7\u00c3O-DE-CONTAS-DAS-A\u00c7\u00d5ES-TOMADAS-PELA-ADMINISTRA\u00c7\u00c3O-P\u00daBLICA-DO-MUNIC\u00cdPIO-DE-S\u00c3O-LOUREN\u00c7O-DA-SERRA-COM-REFERENCIA-AO-ENFRENTAMENTO-DA-PANDEMIA-DO-NOVO-CORONA-V\u00cdRUS-05.jpg\" alt=\"\" width=\"1654\" height=\"2339\" srcset=\"http:\/\/saolourencodaserra.sp.gov.br\/novo\/wp-content\/uploads\/2020\/05\/PRESTA\u00c7\u00c3O-DE-CONTAS-DAS-A\u00c7\u00d5ES-TOMADAS-PELA-ADMINISTRA\u00c7\u00c3O-P\u00daBLICA-DO-MUNIC\u00cdPIO-DE-S\u00c3O-LOUREN\u00c7O-DA-SERRA-COM-REFERENCIA-AO-ENFRENTAMENTO-DA-PANDEMIA-DO-NOVO-CORONA-V\u00cdRUS-05.jpg 1654w, http:\/\/saolourencodaserra.sp.gov.br\/novo\/wp-content\/uploads\/2020\/05\/PRESTA\u00c7\u00c3O-DE-CONTAS-DAS-A\u00c7\u00d5ES-TOMADAS-PELA-ADMINISTRA\u00c7\u00c3O-P\u00daBLICA-DO-MUNIC\u00cdPIO-DE-S\u00c3O-LOUREN\u00c7O-DA-SERRA-COM-REFERENCIA-AO-ENFRENTAMENTO-DA-PANDEMIA-DO-NOVO-CORONA-V\u00cdRUS-05-212x300.jpg 212w, http:\/\/saolourencodaserra.sp.gov.br\/novo\/wp-content\/uploads\/2020\/05\/PRESTA\u00c7\u00c3O-DE-CONTAS-DAS-A\u00c7\u00d5ES-TOMADAS-PELA-ADMINISTRA\u00c7\u00c3O-P\u00daBLICA-DO-MUNIC\u00cdPIO-DE-S\u00c3O-LOUREN\u00c7O-DA-SERRA-COM-REFERENCIA-AO-ENFRENTAMENTO-DA-PANDEMIA-DO-NOVO-CORONA-V\u00cdRUS-05-724x1024.jpg 724w, http:\/\/saolourencodaserra.sp.gov.br\/novo\/wp-content\/uploads\/2020\/05\/PRESTA\u00c7\u00c3O-DE-CONTAS-DAS-A\u00c7\u00d5ES-TOMADAS-PELA-ADMINISTRA\u00c7\u00c3O-P\u00daBLICA-DO-MUNIC\u00cdPIO-DE-S\u00c3O-LOUREN\u00c7O-DA-SERRA-COM-REFERENCIA-AO-ENFRENTAMENTO-DA-PANDEMIA-DO-NOVO-CORONA-V\u00cdRUS-05-768x1086.jpg 768w, http:\/\/saolourencodaserra.sp.gov.br\/novo\/wp-content\/uploads\/2020\/05\/PRESTA\u00c7\u00c3O-DE-CONTAS-DAS-A\u00c7\u00d5ES-TOMADAS-PELA-ADMINISTRA\u00c7\u00c3O-P\u00daBLICA-DO-MUNIC\u00cdPIO-DE-S\u00c3O-LOUREN\u00c7O-DA-SERRA-COM-REFERENCIA-AO-ENFRENTAMENTO-DA-PANDEMIA-DO-NOVO-CORONA-V\u00cdRUS-05-1086x1536.jpg 1086w, http:\/\/saolourencodaserra.sp.gov.br\/novo\/wp-content\/uploads\/2020\/05\/PRESTA\u00c7\u00c3O-DE-CONTAS-DAS-A\u00c7\u00d5ES-TOMADAS-PELA-ADMINISTRA\u00c7\u00c3O-P\u00daBLICA-DO-MUNIC\u00cdPIO-DE-S\u00c3O-LOUREN\u00c7O-DA-SERRA-COM-REFERENCIA-AO-ENFRENTAMENTO-DA-PANDEMIA-DO-NOVO-CORONA-V\u00cdRUS-05-1448x2048.jpg 1448w\" sizes=\"(max-width: 1654px) 100vw, 1654px\" \/><\/a> <a href=\"http:\/\/saolourencodaserra.sp.gov.br\/novo\/wp-content\/uploads\/2020\/05\/PRESTA\u00c7\u00c3O-DE-CONTAS-DAS-A\u00c7\u00d5ES-TOMADAS-PELA-ADMINISTRA\u00c7\u00c3O-P\u00daBLICA-DO-MUNIC\u00cdPIO-DE-S\u00c3O-LOUREN\u00c7O-DA-SERRA-COM-REFERENCIA-AO-ENFRENTAMENTO-DA-PANDEMIA-DO-NOVO-CORONA-V\u00cdRUS-06.jpg\"><img decoding=\"async\" loading=\"lazy\" class=\"aligncenter size-full wp-image-3411\" src=\"http:\/\/saolourencodaserra.sp.gov.br\/novo\/wp-content\/uploads\/2020\/05\/PRESTA\u00c7\u00c3O-DE-CONTAS-DAS-A\u00c7\u00d5ES-TOMADAS-PELA-ADMINISTRA\u00c7\u00c3O-P\u00daBLICA-DO-MUNIC\u00cdPIO-DE-S\u00c3O-LOUREN\u00c7O-DA-SERRA-COM-REFERENCIA-AO-ENFRENTAMENTO-DA-PANDEMIA-DO-NOVO-CORONA-V\u00cdRUS-06.jpg\" alt=\"\" width=\"1654\" height=\"2339\" srcset=\"http:\/\/saolourencodaserra.sp.gov.br\/novo\/wp-content\/uploads\/2020\/05\/PRESTA\u00c7\u00c3O-DE-CONTAS-DAS-A\u00c7\u00d5ES-TOMADAS-PELA-ADMINISTRA\u00c7\u00c3O-P\u00daBLICA-DO-MUNIC\u00cdPIO-DE-S\u00c3O-LOUREN\u00c7O-DA-SERRA-COM-REFERENCIA-AO-ENFRENTAMENTO-DA-PANDEMIA-DO-NOVO-CORONA-V\u00cdRUS-06.jpg 1654w, http:\/\/saolourencodaserra.sp.gov.br\/novo\/wp-content\/uploads\/2020\/05\/PRESTA\u00c7\u00c3O-DE-CONTAS-DAS-A\u00c7\u00d5ES-TOMADAS-PELA-ADMINISTRA\u00c7\u00c3O-P\u00daBLICA-DO-MUNIC\u00cdPIO-DE-S\u00c3O-LOUREN\u00c7O-DA-SERRA-COM-REFERENCIA-AO-ENFRENTAMENTO-DA-PANDEMIA-DO-NOVO-CORONA-V\u00cdRUS-06-212x300.jpg 212w, http:\/\/saolourencodaserra.sp.gov.br\/novo\/wp-content\/uploads\/2020\/05\/PRESTA\u00c7\u00c3O-DE-CONTAS-DAS-A\u00c7\u00d5ES-TOMADAS-PELA-ADMINISTRA\u00c7\u00c3O-P\u00daBLICA-DO-MUNIC\u00cdPIO-DE-S\u00c3O-LOUREN\u00c7O-DA-SERRA-COM-REFERENCIA-AO-ENFRENTAMENTO-DA-PANDEMIA-DO-NOVO-CORONA-V\u00cdRUS-06-724x1024.jpg 724w, http:\/\/saolourencodaserra.sp.gov.br\/novo\/wp-content\/uploads\/2020\/05\/PRESTA\u00c7\u00c3O-DE-CONTAS-DAS-A\u00c7\u00d5ES-TOMADAS-PELA-ADMINISTRA\u00c7\u00c3O-P\u00daBLICA-DO-MUNIC\u00cdPIO-DE-S\u00c3O-LOUREN\u00c7O-DA-SERRA-COM-REFERENCIA-AO-ENFRENTAMENTO-DA-PANDEMIA-DO-NOVO-CORONA-V\u00cdRUS-06-768x1086.jpg 768w, http:\/\/saolourencodaserra.sp.gov.br\/novo\/wp-content\/uploads\/2020\/05\/PRESTA\u00c7\u00c3O-DE-CONTAS-DAS-A\u00c7\u00d5ES-TOMADAS-PELA-ADMINISTRA\u00c7\u00c3O-P\u00daBLICA-DO-MUNIC\u00cdPIO-DE-S\u00c3O-LOUREN\u00c7O-DA-SERRA-COM-REFERENCIA-AO-ENFRENTAMENTO-DA-PANDEMIA-DO-NOVO-CORONA-V\u00cdRUS-06-1086x1536.jpg 1086w, http:\/\/saolourencodaserra.sp.gov.br\/novo\/wp-content\/uploads\/2020\/05\/PRESTA\u00c7\u00c3O-DE-CONTAS-DAS-A\u00c7\u00d5ES-TOMADAS-PELA-ADMINISTRA\u00c7\u00c3O-P\u00daBLICA-DO-MUNIC\u00cdPIO-DE-S\u00c3O-LOUREN\u00c7O-DA-SERRA-COM-REFERENCIA-AO-ENFRENTAMENTO-DA-PANDEMIA-DO-NOVO-CORONA-V\u00cdRUS-06-1448x2048.jpg 1448w\" sizes=\"(max-width: 1654px) 100vw, 1654px\" \/><\/a> <a href=\"http:\/\/saolourencodaserra.sp.gov.br\/novo\/wp-content\/uploads\/2020\/05\/PRESTA\u00c7\u00c3O-DE-CONTAS-DAS-A\u00c7\u00d5ES-TOMADAS-PELA-ADMINISTRA\u00c7\u00c3O-P\u00daBLICA-DO-MUNIC\u00cdPIO-DE-S\u00c3O-LOUREN\u00c7O-DA-SERRA-COM-REFERENCIA-AO-ENFRENTAMENTO-DA-PANDEMIA-DO-NOVO-CORONA-V\u00cdRUS-07.jpg\"><img decoding=\"async\" loading=\"lazy\" class=\"aligncenter size-full wp-image-3412\" src=\"http:\/\/saolourencodaserra.sp.gov.br\/novo\/wp-content\/uploads\/2020\/05\/PRESTA\u00c7\u00c3O-DE-CONTAS-DAS-A\u00c7\u00d5ES-TOMADAS-PELA-ADMINISTRA\u00c7\u00c3O-P\u00daBLICA-DO-MUNIC\u00cdPIO-DE-S\u00c3O-LOUREN\u00c7O-DA-SERRA-COM-REFERENCIA-AO-ENFRENTAMENTO-DA-PANDEMIA-DO-NOVO-CORONA-V\u00cdRUS-07.jpg\" alt=\"\" width=\"1654\" height=\"2339\" srcset=\"http:\/\/saolourencodaserra.sp.gov.br\/novo\/wp-content\/uploads\/2020\/05\/PRESTA\u00c7\u00c3O-DE-CONTAS-DAS-A\u00c7\u00d5ES-TOMADAS-PELA-ADMINISTRA\u00c7\u00c3O-P\u00daBLICA-DO-MUNIC\u00cdPIO-DE-S\u00c3O-LOUREN\u00c7O-DA-SERRA-COM-REFERENCIA-AO-ENFRENTAMENTO-DA-PANDEMIA-DO-NOVO-CORONA-V\u00cdRUS-07.jpg 1654w, http:\/\/saolourencodaserra.sp.gov.br\/novo\/wp-content\/uploads\/2020\/05\/PRESTA\u00c7\u00c3O-DE-CONTAS-DAS-A\u00c7\u00d5ES-TOMADAS-PELA-ADMINISTRA\u00c7\u00c3O-P\u00daBLICA-DO-MUNIC\u00cdPIO-DE-S\u00c3O-LOUREN\u00c7O-DA-SERRA-COM-REFERENCIA-AO-ENFRENTAMENTO-DA-PANDEMIA-DO-NOVO-CORONA-V\u00cdRUS-07-212x300.jpg 212w, http:\/\/saolourencodaserra.sp.gov.br\/novo\/wp-content\/uploads\/2020\/05\/PRESTA\u00c7\u00c3O-DE-CONTAS-DAS-A\u00c7\u00d5ES-TOMADAS-PELA-ADMINISTRA\u00c7\u00c3O-P\u00daBLICA-DO-MUNIC\u00cdPIO-DE-S\u00c3O-LOUREN\u00c7O-DA-SERRA-COM-REFERENCIA-AO-ENFRENTAMENTO-DA-PANDEMIA-DO-NOVO-CORONA-V\u00cdRUS-07-724x1024.jpg 724w, http:\/\/saolourencodaserra.sp.gov.br\/novo\/wp-content\/uploads\/2020\/05\/PRESTA\u00c7\u00c3O-DE-CONTAS-DAS-A\u00c7\u00d5ES-TOMADAS-PELA-ADMINISTRA\u00c7\u00c3O-P\u00daBLICA-DO-MUNIC\u00cdPIO-DE-S\u00c3O-LOUREN\u00c7O-DA-SERRA-COM-REFERENCIA-AO-ENFRENTAMENTO-DA-PANDEMIA-DO-NOVO-CORONA-V\u00cdRUS-07-768x1086.jpg 768w, http:\/\/saolourencodaserra.sp.gov.br\/novo\/wp-content\/uploads\/2020\/05\/PRESTA\u00c7\u00c3O-DE-CONTAS-DAS-A\u00c7\u00d5ES-TOMADAS-PELA-ADMINISTRA\u00c7\u00c3O-P\u00daBLICA-DO-MUNIC\u00cdPIO-DE-S\u00c3O-LOUREN\u00c7O-DA-SERRA-COM-REFERENCIA-AO-ENFRENTAMENTO-DA-PANDEMIA-DO-NOVO-CORONA-V\u00cdRUS-07-1086x1536.jpg 1086w, http:\/\/saolourencodaserra.sp.gov.br\/novo\/wp-content\/uploads\/2020\/05\/PRESTA\u00c7\u00c3O-DE-CONTAS-DAS-A\u00c7\u00d5ES-TOMADAS-PELA-ADMINISTRA\u00c7\u00c3O-P\u00daBLICA-DO-MUNIC\u00cdPIO-DE-S\u00c3O-LOUREN\u00c7O-DA-SERRA-COM-REFERENCIA-AO-ENFRENTAMENTO-DA-PANDEMIA-DO-NOVO-CORONA-V\u00cdRUS-07-1448x2048.jpg 1448w\" sizes=\"(max-width: 1654px) 100vw, 1654px\" \/><\/a> <a href=\"http:\/\/saolourencodaserra.sp.gov.br\/novo\/wp-content\/uploads\/2020\/05\/PRESTA\u00c7\u00c3O-DE-CONTAS-DAS-A\u00c7\u00d5ES-TOMADAS-PELA-ADMINISTRA\u00c7\u00c3O-P\u00daBLICA-DO-MUNIC\u00cdPIO-DE-S\u00c3O-LOUREN\u00c7O-DA-SERRA-COM-REFERENCIA-AO-ENFRENTAMENTO-DA-PANDEMIA-DO-NOVO-CORONA-V\u00cdRUS-08.jpg\"><img decoding=\"async\" loading=\"lazy\" class=\"aligncenter size-full wp-image-3413\" src=\"http:\/\/saolourencodaserra.sp.gov.br\/novo\/wp-content\/uploads\/2020\/05\/PRESTA\u00c7\u00c3O-DE-CONTAS-DAS-A\u00c7\u00d5ES-TOMADAS-PELA-ADMINISTRA\u00c7\u00c3O-P\u00daBLICA-DO-MUNIC\u00cdPIO-DE-S\u00c3O-LOUREN\u00c7O-DA-SERRA-COM-REFERENCIA-AO-ENFRENTAMENTO-DA-PANDEMIA-DO-NOVO-CORONA-V\u00cdRUS-08.jpg\" alt=\"\" width=\"1654\" height=\"2339\" srcset=\"http:\/\/saolourencodaserra.sp.gov.br\/novo\/wp-content\/uploads\/2020\/05\/PRESTA\u00c7\u00c3O-DE-CONTAS-DAS-A\u00c7\u00d5ES-TOMADAS-PELA-ADMINISTRA\u00c7\u00c3O-P\u00daBLICA-DO-MUNIC\u00cdPIO-DE-S\u00c3O-LOUREN\u00c7O-DA-SERRA-COM-REFERENCIA-AO-ENFRENTAMENTO-DA-PANDEMIA-DO-NOVO-CORONA-V\u00cdRUS-08.jpg 1654w, http:\/\/saolourencodaserra.sp.gov.br\/novo\/wp-content\/uploads\/2020\/05\/PRESTA\u00c7\u00c3O-DE-CONTAS-DAS-A\u00c7\u00d5ES-TOMADAS-PELA-ADMINISTRA\u00c7\u00c3O-P\u00daBLICA-DO-MUNIC\u00cdPIO-DE-S\u00c3O-LOUREN\u00c7O-DA-SERRA-COM-REFERENCIA-AO-ENFRENTAMENTO-DA-PANDEMIA-DO-NOVO-CORONA-V\u00cdRUS-08-212x300.jpg 212w, http:\/\/saolourencodaserra.sp.gov.br\/novo\/wp-content\/uploads\/2020\/05\/PRESTA\u00c7\u00c3O-DE-CONTAS-DAS-A\u00c7\u00d5ES-TOMADAS-PELA-ADMINISTRA\u00c7\u00c3O-P\u00daBLICA-DO-MUNIC\u00cdPIO-DE-S\u00c3O-LOUREN\u00c7O-DA-SERRA-COM-REFERENCIA-AO-ENFRENTAMENTO-DA-PANDEMIA-DO-NOVO-CORONA-V\u00cdRUS-08-724x1024.jpg 724w, http:\/\/saolourencodaserra.sp.gov.br\/novo\/wp-content\/uploads\/2020\/05\/PRESTA\u00c7\u00c3O-DE-CONTAS-DAS-A\u00c7\u00d5ES-TOMADAS-PELA-ADMINISTRA\u00c7\u00c3O-P\u00daBLICA-DO-MUNIC\u00cdPIO-DE-S\u00c3O-LOUREN\u00c7O-DA-SERRA-COM-REFERENCIA-AO-ENFRENTAMENTO-DA-PANDEMIA-DO-NOVO-CORONA-V\u00cdRUS-08-768x1086.jpg 768w, http:\/\/saolourencodaserra.sp.gov.br\/novo\/wp-content\/uploads\/2020\/05\/PRESTA\u00c7\u00c3O-DE-CONTAS-DAS-A\u00c7\u00d5ES-TOMADAS-PELA-ADMINISTRA\u00c7\u00c3O-P\u00daBLICA-DO-MUNIC\u00cdPIO-DE-S\u00c3O-LOUREN\u00c7O-DA-SERRA-COM-REFERENCIA-AO-ENFRENTAMENTO-DA-PANDEMIA-DO-NOVO-CORONA-V\u00cdRUS-08-1086x1536.jpg 1086w, http:\/\/saolourencodaserra.sp.gov.br\/novo\/wp-content\/uploads\/2020\/05\/PRESTA\u00c7\u00c3O-DE-CONTAS-DAS-A\u00c7\u00d5ES-TOMADAS-PELA-ADMINISTRA\u00c7\u00c3O-P\u00daBLICA-DO-MUNIC\u00cdPIO-DE-S\u00c3O-LOUREN\u00c7O-DA-SERRA-COM-REFERENCIA-AO-ENFRENTAMENTO-DA-PANDEMIA-DO-NOVO-CORONA-V\u00cdRUS-08-1448x2048.jpg 1448w\" sizes=\"(max-width: 1654px) 100vw, 1654px\" \/><\/a> <a href=\"http:\/\/saolourencodaserra.sp.gov.br\/novo\/wp-content\/uploads\/2020\/05\/PRESTA\u00c7\u00c3O-DE-CONTAS-DAS-A\u00c7\u00d5ES-TOMADAS-PELA-ADMINISTRA\u00c7\u00c3O-P\u00daBLICA-DO-MUNIC\u00cdPIO-DE-S\u00c3O-LOUREN\u00c7O-DA-SERRA-COM-REFERENCIA-AO-ENFRENTAMENTO-DA-PANDEMIA-DO-NOVO-CORONA-V\u00cdRUS-09.jpg\"><img decoding=\"async\" loading=\"lazy\" class=\"aligncenter size-full wp-image-3414\" src=\"http:\/\/saolourencodaserra.sp.gov.br\/novo\/wp-content\/uploads\/2020\/05\/PRESTA\u00c7\u00c3O-DE-CONTAS-DAS-A\u00c7\u00d5ES-TOMADAS-PELA-ADMINISTRA\u00c7\u00c3O-P\u00daBLICA-DO-MUNIC\u00cdPIO-DE-S\u00c3O-LOUREN\u00c7O-DA-SERRA-COM-REFERENCIA-AO-ENFRENTAMENTO-DA-PANDEMIA-DO-NOVO-CORONA-V\u00cdRUS-09.jpg\" alt=\"\" width=\"1654\" height=\"2339\" srcset=\"http:\/\/saolourencodaserra.sp.gov.br\/novo\/wp-content\/uploads\/2020\/05\/PRESTA\u00c7\u00c3O-DE-CONTAS-DAS-A\u00c7\u00d5ES-TOMADAS-PELA-ADMINISTRA\u00c7\u00c3O-P\u00daBLICA-DO-MUNIC\u00cdPIO-DE-S\u00c3O-LOUREN\u00c7O-DA-SERRA-COM-REFERENCIA-AO-ENFRENTAMENTO-DA-PANDEMIA-DO-NOVO-CORONA-V\u00cdRUS-09.jpg 1654w, http:\/\/saolourencodaserra.sp.gov.br\/novo\/wp-content\/uploads\/2020\/05\/PRESTA\u00c7\u00c3O-DE-CONTAS-DAS-A\u00c7\u00d5ES-TOMADAS-PELA-ADMINISTRA\u00c7\u00c3O-P\u00daBLICA-DO-MUNIC\u00cdPIO-DE-S\u00c3O-LOUREN\u00c7O-DA-SERRA-COM-REFERENCIA-AO-ENFRENTAMENTO-DA-PANDEMIA-DO-NOVO-CORONA-V\u00cdRUS-09-212x300.jpg 212w, http:\/\/saolourencodaserra.sp.gov.br\/novo\/wp-content\/uploads\/2020\/05\/PRESTA\u00c7\u00c3O-DE-CONTAS-DAS-A\u00c7\u00d5ES-TOMADAS-PELA-ADMINISTRA\u00c7\u00c3O-P\u00daBLICA-DO-MUNIC\u00cdPIO-DE-S\u00c3O-LOUREN\u00c7O-DA-SERRA-COM-REFERENCIA-AO-ENFRENTAMENTO-DA-PANDEMIA-DO-NOVO-CORONA-V\u00cdRUS-09-724x1024.jpg 724w, http:\/\/saolourencodaserra.sp.gov.br\/novo\/wp-content\/uploads\/2020\/05\/PRESTA\u00c7\u00c3O-DE-CONTAS-DAS-A\u00c7\u00d5ES-TOMADAS-PELA-ADMINISTRA\u00c7\u00c3O-P\u00daBLICA-DO-MUNIC\u00cdPIO-DE-S\u00c3O-LOUREN\u00c7O-DA-SERRA-COM-REFERENCIA-AO-ENFRENTAMENTO-DA-PANDEMIA-DO-NOVO-CORONA-V\u00cdRUS-09-768x1086.jpg 768w, http:\/\/saolourencodaserra.sp.gov.br\/novo\/wp-content\/uploads\/2020\/05\/PRESTA\u00c7\u00c3O-DE-CONTAS-DAS-A\u00c7\u00d5ES-TOMADAS-PELA-ADMINISTRA\u00c7\u00c3O-P\u00daBLICA-DO-MUNIC\u00cdPIO-DE-S\u00c3O-LOUREN\u00c7O-DA-SERRA-COM-REFERENCIA-AO-ENFRENTAMENTO-DA-PANDEMIA-DO-NOVO-CORONA-V\u00cdRUS-09-1086x1536.jpg 1086w, http:\/\/saolourencodaserra.sp.gov.br\/novo\/wp-content\/uploads\/2020\/05\/PRESTA\u00c7\u00c3O-DE-CONTAS-DAS-A\u00c7\u00d5ES-TOMADAS-PELA-ADMINISTRA\u00c7\u00c3O-P\u00daBLICA-DO-MUNIC\u00cdPIO-DE-S\u00c3O-LOUREN\u00c7O-DA-SERRA-COM-REFERENCIA-AO-ENFRENTAMENTO-DA-PANDEMIA-DO-NOVO-CORONA-V\u00cdRUS-09-1448x2048.jpg 1448w\" sizes=\"(max-width: 1654px) 100vw, 1654px\" \/><\/a> <a href=\"http:\/\/saolourencodaserra.sp.gov.br\/novo\/wp-content\/uploads\/2020\/05\/PRESTA\u00c7\u00c3O-DE-CONTAS-DAS-A\u00c7\u00d5ES-TOMADAS-PELA-ADMINISTRA\u00c7\u00c3O-P\u00daBLICA-DO-MUNIC\u00cdPIO-DE-S\u00c3O-LOUREN\u00c7O-DA-SERRA-COM-REFERENCIA-AO-ENFRENTAMENTO-DA-PANDEMIA-DO-NOVO-CORONA-V\u00cdRUS-10.jpg\"><img decoding=\"async\" loading=\"lazy\" class=\"aligncenter size-full wp-image-3415\" src=\"http:\/\/saolourencodaserra.sp.gov.br\/novo\/wp-content\/uploads\/2020\/05\/PRESTA\u00c7\u00c3O-DE-CONTAS-DAS-A\u00c7\u00d5ES-TOMADAS-PELA-ADMINISTRA\u00c7\u00c3O-P\u00daBLICA-DO-MUNIC\u00cdPIO-DE-S\u00c3O-LOUREN\u00c7O-DA-SERRA-COM-REFERENCIA-AO-ENFRENTAMENTO-DA-PANDEMIA-DO-NOVO-CORONA-V\u00cdRUS-10.jpg\" alt=\"\" width=\"1654\" height=\"2339\" srcset=\"http:\/\/saolourencodaserra.sp.gov.br\/novo\/wp-content\/uploads\/2020\/05\/PRESTA\u00c7\u00c3O-DE-CONTAS-DAS-A\u00c7\u00d5ES-TOMADAS-PELA-ADMINISTRA\u00c7\u00c3O-P\u00daBLICA-DO-MUNIC\u00cdPIO-DE-S\u00c3O-LOUREN\u00c7O-DA-SERRA-COM-REFERENCIA-AO-ENFRENTAMENTO-DA-PANDEMIA-DO-NOVO-CORONA-V\u00cdRUS-10.jpg 1654w, http:\/\/saolourencodaserra.sp.gov.br\/novo\/wp-content\/uploads\/2020\/05\/PRESTA\u00c7\u00c3O-DE-CONTAS-DAS-A\u00c7\u00d5ES-TOMADAS-PELA-ADMINISTRA\u00c7\u00c3O-P\u00daBLICA-DO-MUNIC\u00cdPIO-DE-S\u00c3O-LOUREN\u00c7O-DA-SERRA-COM-REFERENCIA-AO-ENFRENTAMENTO-DA-PANDEMIA-DO-NOVO-CORONA-V\u00cdRUS-10-212x300.jpg 212w, http:\/\/saolourencodaserra.sp.gov.br\/novo\/wp-content\/uploads\/2020\/05\/PRESTA\u00c7\u00c3O-DE-CONTAS-DAS-A\u00c7\u00d5ES-TOMADAS-PELA-ADMINISTRA\u00c7\u00c3O-P\u00daBLICA-DO-MUNIC\u00cdPIO-DE-S\u00c3O-LOUREN\u00c7O-DA-SERRA-COM-REFERENCIA-AO-ENFRENTAMENTO-DA-PANDEMIA-DO-NOVO-CORONA-V\u00cdRUS-10-724x1024.jpg 724w, http:\/\/saolourencodaserra.sp.gov.br\/novo\/wp-content\/uploads\/2020\/05\/PRESTA\u00c7\u00c3O-DE-CONTAS-DAS-A\u00c7\u00d5ES-TOMADAS-PELA-ADMINISTRA\u00c7\u00c3O-P\u00daBLICA-DO-MUNIC\u00cdPIO-DE-S\u00c3O-LOUREN\u00c7O-DA-SERRA-COM-REFERENCIA-AO-ENFRENTAMENTO-DA-PANDEMIA-DO-NOVO-CORONA-V\u00cdRUS-10-768x1086.jpg 768w, http:\/\/saolourencodaserra.sp.gov.br\/novo\/wp-content\/uploads\/2020\/05\/PRESTA\u00c7\u00c3O-DE-CONTAS-DAS-A\u00c7\u00d5ES-TOMADAS-PELA-ADMINISTRA\u00c7\u00c3O-P\u00daBLICA-DO-MUNIC\u00cdPIO-DE-S\u00c3O-LOUREN\u00c7O-DA-SERRA-COM-REFERENCIA-AO-ENFRENTAMENTO-DA-PANDEMIA-DO-NOVO-CORONA-V\u00cdRUS-10-1086x1536.jpg 1086w, http:\/\/saolourencodaserra.sp.gov.br\/novo\/wp-content\/uploads\/2020\/05\/PRESTA\u00c7\u00c3O-DE-CONTAS-DAS-A\u00c7\u00d5ES-TOMADAS-PELA-ADMINISTRA\u00c7\u00c3O-P\u00daBLICA-DO-MUNIC\u00cdPIO-DE-S\u00c3O-LOUREN\u00c7O-DA-SERRA-COM-REFERENCIA-AO-ENFRENTAMENTO-DA-PANDEMIA-DO-NOVO-CORONA-V\u00cdRUS-10-1448x2048.jpg 1448w\" sizes=\"(max-width: 1654px) 100vw, 1654px\" \/><\/a><\/p>\n","protected":false},"excerpt":{"rendered":"","protected":false},"author":1,"featured_media":3330,"comment_status":"open","ping_status":"open","sticky":false,"template":"","format":"standard","meta":[],"categories":[20,352,16],"tags":[],"_links":{"self":[{"href":"http:\/\/saolourencodaserra.sp.gov.br\/novo\/wp-json\/wp\/v2\/posts\/3405"}],"collection":[{"href":"http:\/\/saolourencodaserra.sp.gov.br\/novo\/wp-json\/wp\/v2\/posts"}],"about":[{"href":"http:\/\/saolourencodaserra.sp.gov.br\/novo\/wp-json\/wp\/v2\/types\/post"}],"author":[{"embeddable":true,"href":"http:\/\/saolourencodaserra.sp.gov.br\/novo\/wp-json\/wp\/v2\/users\/1"}],"replies":[{"embeddable":true,"href":"http:\/\/saolourencodaserra.sp.gov.br\/novo\/wp-json\/wp\/v2\/comments?post=3405"}],"version-history":[{"count":0,"href":"http:\/\/saolourencodaserra.sp.gov.br\/novo\/wp-json\/wp\/v2\/posts\/3405\/revisions"}],"wp:featuredmedia":[{"embeddable":true,"href":"http:\/\/saolourencodaserra.sp.gov.br\/novo\/wp-json\/wp\/v2\/media\/3330"}],"wp:attachment":[{"href":"http:\/\/saolourencodaserra.sp.gov.br\/novo\/wp-json\/wp\/v2\/media?parent=3405"}],"wp:term":[{"taxonomy":"category","embeddable":true,"href":"http:\/\/saolourencodaserra.sp.gov.br\/novo\/wp-json\/wp\/v2\/categories?post=3405"},{"taxonomy":"post_tag","embeddable":true,"href":"http:\/\/saolourencodaserra.sp.gov.br\/novo\/wp-json\/wp\/v2\/tags?post=3405"}],"curies":[{"name":"wp","href":"https:\/\/api.w.org\/{rel}","templated":true}]}}