{"id":3397,"date":"2020-05-12T18:29:37","date_gmt":"2020-05-12T21:29:37","guid":{"rendered":"http:\/\/saolourencodaserra.sp.gov.br\/novo\/?p=3397"},"modified":"2020-07-13T14:24:27","modified_gmt":"2020-07-13T17:24:27","slug":"escala-de-atendimento-da-rede-saude-2","status":"publish","type":"post","link":"http:\/\/saolourencodaserra.sp.gov.br\/novo\/escala-de-atendimento-da-rede-saude-2\/","title":{"rendered":"Escala de Atendimento da Rede Sa\u00fade."},"content":{"rendered":"<h4><\/h4>\n<h4>Escala Julho\/2020 \u2013 UPASLS<\/h4>\n<p>Escala de atendimento da Rede de Sa\u00fade do Munic\u00edpio de S\u00e3o Louren\u00e7o da Serra, referente \u00e1 Julho de 2020.<a href=\"http:\/\/saolourencodaserra.sp.gov.br\/novo\/wp-content\/uploads\/2020\/05\/Escalas-Julho_20-2-1-1-rotated.jpg\"><img decoding=\"async\" loading=\"lazy\" class=\"aligncenter size-full wp-image-3695\" src=\"http:\/\/saolourencodaserra.sp.gov.br\/novo\/wp-content\/uploads\/2020\/05\/Escalas-Julho_20-2-1-1-rotated.jpg\" alt=\"\" width=\"2270\" height=\"1606\" srcset=\"http:\/\/saolourencodaserra.sp.gov.br\/novo\/wp-content\/uploads\/2020\/05\/Escalas-Julho_20-2-1-1-rotated.jpg 2270w, http:\/\/saolourencodaserra.sp.gov.br\/novo\/wp-content\/uploads\/2020\/05\/Escalas-Julho_20-2-1-1-300x212.jpg 300w, http:\/\/saolourencodaserra.sp.gov.br\/novo\/wp-content\/uploads\/2020\/05\/Escalas-Julho_20-2-1-1-1024x724.jpg 1024w, http:\/\/saolourencodaserra.sp.gov.br\/novo\/wp-content\/uploads\/2020\/05\/Escalas-Julho_20-2-1-1-768x543.jpg 768w, http:\/\/saolourencodaserra.sp.gov.br\/novo\/wp-content\/uploads\/2020\/05\/Escalas-Julho_20-2-1-1-1536x1087.jpg 1536w, http:\/\/saolourencodaserra.sp.gov.br\/novo\/wp-content\/uploads\/2020\/05\/Escalas-Julho_20-2-1-1-2048x1449.jpg 2048w\" sizes=\"(max-width: 2270px) 100vw, 2270px\" \/><\/a><a href=\"http:\/\/saolourencodaserra.sp.gov.br\/novo\/wp-content\/uploads\/2020\/05\/Escalas-Julho_20-2-2-1-rotated.jpg\"><img decoding=\"async\" loading=\"lazy\" class=\"aligncenter size-full wp-image-3696\" src=\"http:\/\/saolourencodaserra.sp.gov.br\/novo\/wp-content\/uploads\/2020\/05\/Escalas-Julho_20-2-2-1-rotated.jpg\" alt=\"\" width=\"2268\" height=\"1606\" srcset=\"http:\/\/saolourencodaserra.sp.gov.br\/novo\/wp-content\/uploads\/2020\/05\/Escalas-Julho_20-2-2-1-rotated.jpg 2268w, http:\/\/saolourencodaserra.sp.gov.br\/novo\/wp-content\/uploads\/2020\/05\/Escalas-Julho_20-2-2-1-300x212.jpg 300w, http:\/\/saolourencodaserra.sp.gov.br\/novo\/wp-content\/uploads\/2020\/05\/Escalas-Julho_20-2-2-1-1024x725.jpg 1024w, http:\/\/saolourencodaserra.sp.gov.br\/novo\/wp-content\/uploads\/2020\/05\/Escalas-Julho_20-2-2-1-768x544.jpg 768w, http:\/\/saolourencodaserra.sp.gov.br\/novo\/wp-content\/uploads\/2020\/05\/Escalas-Julho_20-2-2-1-1536x1088.jpg 1536w, http:\/\/saolourencodaserra.sp.gov.br\/novo\/wp-content\/uploads\/2020\/05\/Escalas-Julho_20-2-2-1-2048x1450.jpg 2048w\" sizes=\"(max-width: 2268px) 100vw, 2268px\" \/><\/a><a href=\"http:\/\/saolourencodaserra.sp.gov.br\/novo\/wp-content\/uploads\/2020\/05\/Escalas-Julho_20-2-3-1-rotated.jpg\"><img decoding=\"async\" loading=\"lazy\" class=\"aligncenter size-full wp-image-3697\" src=\"http:\/\/saolourencodaserra.sp.gov.br\/novo\/wp-content\/uploads\/2020\/05\/Escalas-Julho_20-2-3-1-rotated.jpg\" alt=\"\" width=\"2268\" height=\"1606\" srcset=\"http:\/\/saolourencodaserra.sp.gov.br\/novo\/wp-content\/uploads\/2020\/05\/Escalas-Julho_20-2-3-1-rotated.jpg 2268w, http:\/\/saolourencodaserra.sp.gov.br\/novo\/wp-content\/uploads\/2020\/05\/Escalas-Julho_20-2-3-1-300x212.jpg 300w, http:\/\/saolourencodaserra.sp.gov.br\/novo\/wp-content\/uploads\/2020\/05\/Escalas-Julho_20-2-3-1-1024x725.jpg 1024w, http:\/\/saolourencodaserra.sp.gov.br\/novo\/wp-content\/uploads\/2020\/05\/Escalas-Julho_20-2-3-1-768x544.jpg 768w, http:\/\/saolourencodaserra.sp.gov.br\/novo\/wp-content\/uploads\/2020\/05\/Escalas-Julho_20-2-3-1-1536x1088.jpg 1536w, http:\/\/saolourencodaserra.sp.gov.br\/novo\/wp-content\/uploads\/2020\/05\/Escalas-Julho_20-2-3-1-2048x1450.jpg 2048w\" sizes=\"(max-width: 2268px) 100vw, 2268px\" \/><\/a><a href=\"http:\/\/saolourencodaserra.sp.gov.br\/novo\/wp-content\/uploads\/2020\/05\/Escalas-Julho_20-2-4-1-rotated.jpg\"><img decoding=\"async\" loading=\"lazy\" class=\"aligncenter size-full wp-image-3698\" src=\"http:\/\/saolourencodaserra.sp.gov.br\/novo\/wp-content\/uploads\/2020\/05\/Escalas-Julho_20-2-4-1-rotated.jpg\" alt=\"\" width=\"2268\" height=\"1606\" srcset=\"http:\/\/saolourencodaserra.sp.gov.br\/novo\/wp-content\/uploads\/2020\/05\/Escalas-Julho_20-2-4-1-rotated.jpg 2268w, http:\/\/saolourencodaserra.sp.gov.br\/novo\/wp-content\/uploads\/2020\/05\/Escalas-Julho_20-2-4-1-300x212.jpg 300w, http:\/\/saolourencodaserra.sp.gov.br\/novo\/wp-content\/uploads\/2020\/05\/Escalas-Julho_20-2-4-1-1024x725.jpg 1024w, http:\/\/saolourencodaserra.sp.gov.br\/novo\/wp-content\/uploads\/2020\/05\/Escalas-Julho_20-2-4-1-768x544.jpg 768w, http:\/\/saolourencodaserra.sp.gov.br\/novo\/wp-content\/uploads\/2020\/05\/Escalas-Julho_20-2-4-1-1536x1088.jpg 1536w, http:\/\/saolourencodaserra.sp.gov.br\/novo\/wp-content\/uploads\/2020\/05\/Escalas-Julho_20-2-4-1-2048x1450.jpg 2048w\" sizes=\"(max-width: 2268px) 100vw, 2268px\" \/><\/a><strong><a href=\"http:\/\/saolourencodaserra.sp.gov.br\/novo\/wp-content\/uploads\/2020\/05\/Escalas-Julho_20-2-5-1-rotated.jpg\"><img decoding=\"async\" loading=\"lazy\" class=\"aligncenter size-full wp-image-3699\" src=\"http:\/\/saolourencodaserra.sp.gov.br\/novo\/wp-content\/uploads\/2020\/05\/Escalas-Julho_20-2-5-1-rotated.jpg\" alt=\"\" width=\"2264\" height=\"1606\" srcset=\"http:\/\/saolourencodaserra.sp.gov.br\/novo\/wp-content\/uploads\/2020\/05\/Escalas-Julho_20-2-5-1-rotated.jpg 2264w, http:\/\/saolourencodaserra.sp.gov.br\/novo\/wp-content\/uploads\/2020\/05\/Escalas-Julho_20-2-5-1-300x213.jpg 300w, http:\/\/saolourencodaserra.sp.gov.br\/novo\/wp-content\/uploads\/2020\/05\/Escalas-Julho_20-2-5-1-1024x726.jpg 1024w, http:\/\/saolourencodaserra.sp.gov.br\/novo\/wp-content\/uploads\/2020\/05\/Escalas-Julho_20-2-5-1-768x545.jpg 768w, http:\/\/saolourencodaserra.sp.gov.br\/novo\/wp-content\/uploads\/2020\/05\/Escalas-Julho_20-2-5-1-1536x1090.jpg 1536w, http:\/\/saolourencodaserra.sp.gov.br\/novo\/wp-content\/uploads\/2020\/05\/Escalas-Julho_20-2-5-1-2048x1453.jpg 2048w\" sizes=\"(max-width: 2264px) 100vw, 2264px\" \/><\/a>Escala Junho\/2020 \u2013 UPASLS<\/strong><\/p>\n<p>Escala de atendimento da Rede de Sa\u00fade do Munic\u00edpio de S\u00e3o Louren\u00e7o da Serra, referente \u00e1 Junho\/2020.<\/p>\n<p><a href=\"http:\/\/saolourencodaserra.sp.gov.br\/novo\/wp-content\/uploads\/2020\/05\/Escalas-Junho_20-1.jpg\"><img decoding=\"async\" loading=\"lazy\" class=\"aligncenter size-full wp-image-3535\" src=\"http:\/\/saolourencodaserra.sp.gov.br\/novo\/wp-content\/uploads\/2020\/05\/Escalas-Junho_20-1.jpg\" alt=\"\" width=\"2339\" height=\"1654\" srcset=\"http:\/\/saolourencodaserra.sp.gov.br\/novo\/wp-content\/uploads\/2020\/05\/Escalas-Junho_20-1.jpg 2339w, http:\/\/saolourencodaserra.sp.gov.br\/novo\/wp-content\/uploads\/2020\/05\/Escalas-Junho_20-1-300x212.jpg 300w, http:\/\/saolourencodaserra.sp.gov.br\/novo\/wp-content\/uploads\/2020\/05\/Escalas-Junho_20-1-1024x724.jpg 1024w, http:\/\/saolourencodaserra.sp.gov.br\/novo\/wp-content\/uploads\/2020\/05\/Escalas-Junho_20-1-768x543.jpg 768w, http:\/\/saolourencodaserra.sp.gov.br\/novo\/wp-content\/uploads\/2020\/05\/Escalas-Junho_20-1-1536x1086.jpg 1536w, http:\/\/saolourencodaserra.sp.gov.br\/novo\/wp-content\/uploads\/2020\/05\/Escalas-Junho_20-1-2048x1448.jpg 2048w\" sizes=\"(max-width: 2339px) 100vw, 2339px\" \/><\/a><a href=\"http:\/\/saolourencodaserra.sp.gov.br\/novo\/wp-content\/uploads\/2020\/05\/Escalas-Junho_20-2.jpg\"><img decoding=\"async\" loading=\"lazy\" class=\"aligncenter size-full wp-image-3536\" src=\"http:\/\/saolourencodaserra.sp.gov.br\/novo\/wp-content\/uploads\/2020\/05\/Escalas-Junho_20-2.jpg\" alt=\"\" width=\"2339\" height=\"1654\" srcset=\"http:\/\/saolourencodaserra.sp.gov.br\/novo\/wp-content\/uploads\/2020\/05\/Escalas-Junho_20-2.jpg 2339w, http:\/\/saolourencodaserra.sp.gov.br\/novo\/wp-content\/uploads\/2020\/05\/Escalas-Junho_20-2-300x212.jpg 300w, http:\/\/saolourencodaserra.sp.gov.br\/novo\/wp-content\/uploads\/2020\/05\/Escalas-Junho_20-2-1024x724.jpg 1024w, http:\/\/saolourencodaserra.sp.gov.br\/novo\/wp-content\/uploads\/2020\/05\/Escalas-Junho_20-2-768x543.jpg 768w, http:\/\/saolourencodaserra.sp.gov.br\/novo\/wp-content\/uploads\/2020\/05\/Escalas-Junho_20-2-1536x1086.jpg 1536w, http:\/\/saolourencodaserra.sp.gov.br\/novo\/wp-content\/uploads\/2020\/05\/Escalas-Junho_20-2-2048x1448.jpg 2048w\" sizes=\"(max-width: 2339px) 100vw, 2339px\" \/><\/a><a href=\"http:\/\/saolourencodaserra.sp.gov.br\/novo\/wp-content\/uploads\/2020\/05\/Escalas-Junho_20-3.jpg\"><img decoding=\"async\" loading=\"lazy\" class=\"aligncenter size-full wp-image-3537\" src=\"http:\/\/saolourencodaserra.sp.gov.br\/novo\/wp-content\/uploads\/2020\/05\/Escalas-Junho_20-3.jpg\" alt=\"\" width=\"2339\" height=\"1654\" srcset=\"http:\/\/saolourencodaserra.sp.gov.br\/novo\/wp-content\/uploads\/2020\/05\/Escalas-Junho_20-3.jpg 2339w, http:\/\/saolourencodaserra.sp.gov.br\/novo\/wp-content\/uploads\/2020\/05\/Escalas-Junho_20-3-300x212.jpg 300w, http:\/\/saolourencodaserra.sp.gov.br\/novo\/wp-content\/uploads\/2020\/05\/Escalas-Junho_20-3-1024x724.jpg 1024w, http:\/\/saolourencodaserra.sp.gov.br\/novo\/wp-content\/uploads\/2020\/05\/Escalas-Junho_20-3-768x543.jpg 768w, http:\/\/saolourencodaserra.sp.gov.br\/novo\/wp-content\/uploads\/2020\/05\/Escalas-Junho_20-3-1536x1086.jpg 1536w, http:\/\/saolourencodaserra.sp.gov.br\/novo\/wp-content\/uploads\/2020\/05\/Escalas-Junho_20-3-2048x1448.jpg 2048w\" sizes=\"(max-width: 2339px) 100vw, 2339px\" \/><\/a><strong>Escala Maio\/2020 \u2013 UPASLS<\/strong><\/p>\n<p>Escala de atendimento da Rede de Sa\u00fade do Munic\u00edpio de S\u00e3o Louren\u00e7o da Serra, referente \u00e1 Maio\/2020.<\/p>\n<p><a href=\"http:\/\/saolourencodaserra.sp.gov.br\/novo\/wp-content\/uploads\/2020\/05\/Escalas-Maio_20-5.jpg\"><img decoding=\"async\" loading=\"lazy\" class=\"aligncenter size-full wp-image-3402\" src=\"http:\/\/saolourencodaserra.sp.gov.br\/novo\/wp-content\/uploads\/2020\/05\/Escalas-Maio_20-5.jpg\" alt=\"\" width=\"2339\" height=\"1654\" srcset=\"http:\/\/saolourencodaserra.sp.gov.br\/novo\/wp-content\/uploads\/2020\/05\/Escalas-Maio_20-5.jpg 2339w, http:\/\/saolourencodaserra.sp.gov.br\/novo\/wp-content\/uploads\/2020\/05\/Escalas-Maio_20-5-300x212.jpg 300w, http:\/\/saolourencodaserra.sp.gov.br\/novo\/wp-content\/uploads\/2020\/05\/Escalas-Maio_20-5-1024x724.jpg 1024w, http:\/\/saolourencodaserra.sp.gov.br\/novo\/wp-content\/uploads\/2020\/05\/Escalas-Maio_20-5-768x543.jpg 768w, http:\/\/saolourencodaserra.sp.gov.br\/novo\/wp-content\/uploads\/2020\/05\/Escalas-Maio_20-5-1536x1086.jpg 1536w, http:\/\/saolourencodaserra.sp.gov.br\/novo\/wp-content\/uploads\/2020\/05\/Escalas-Maio_20-5-2048x1448.jpg 2048w\" sizes=\"(max-width: 2339px) 100vw, 2339px\" \/><\/a> <a href=\"http:\/\/saolourencodaserra.sp.gov.br\/novo\/wp-content\/uploads\/2020\/05\/Escalas-Maio_20-4.jpg\"><img decoding=\"async\" loading=\"lazy\" class=\"aligncenter size-full wp-image-3401\" src=\"http:\/\/saolourencodaserra.sp.gov.br\/novo\/wp-content\/uploads\/2020\/05\/Escalas-Maio_20-4.jpg\" alt=\"\" width=\"2339\" height=\"1654\" srcset=\"http:\/\/saolourencodaserra.sp.gov.br\/novo\/wp-content\/uploads\/2020\/05\/Escalas-Maio_20-4.jpg 2339w, http:\/\/saolourencodaserra.sp.gov.br\/novo\/wp-content\/uploads\/2020\/05\/Escalas-Maio_20-4-300x212.jpg 300w, http:\/\/saolourencodaserra.sp.gov.br\/novo\/wp-content\/uploads\/2020\/05\/Escalas-Maio_20-4-1024x724.jpg 1024w, http:\/\/saolourencodaserra.sp.gov.br\/novo\/wp-content\/uploads\/2020\/05\/Escalas-Maio_20-4-768x543.jpg 768w, http:\/\/saolourencodaserra.sp.gov.br\/novo\/wp-content\/uploads\/2020\/05\/Escalas-Maio_20-4-1536x1086.jpg 1536w, http:\/\/saolourencodaserra.sp.gov.br\/novo\/wp-content\/uploads\/2020\/05\/Escalas-Maio_20-4-2048x1448.jpg 2048w\" sizes=\"(max-width: 2339px) 100vw, 2339px\" \/><\/a> <a href=\"http:\/\/saolourencodaserra.sp.gov.br\/novo\/wp-content\/uploads\/2020\/05\/Escalas-Maio_20-3.jpg\"><img decoding=\"async\" loading=\"lazy\" class=\"aligncenter size-full wp-image-3400\" src=\"http:\/\/saolourencodaserra.sp.gov.br\/novo\/wp-content\/uploads\/2020\/05\/Escalas-Maio_20-3.jpg\" alt=\"\" width=\"2339\" height=\"1654\" srcset=\"http:\/\/saolourencodaserra.sp.gov.br\/novo\/wp-content\/uploads\/2020\/05\/Escalas-Maio_20-3.jpg 2339w, http:\/\/saolourencodaserra.sp.gov.br\/novo\/wp-content\/uploads\/2020\/05\/Escalas-Maio_20-3-300x212.jpg 300w, http:\/\/saolourencodaserra.sp.gov.br\/novo\/wp-content\/uploads\/2020\/05\/Escalas-Maio_20-3-1024x724.jpg 1024w, http:\/\/saolourencodaserra.sp.gov.br\/novo\/wp-content\/uploads\/2020\/05\/Escalas-Maio_20-3-768x543.jpg 768w, http:\/\/saolourencodaserra.sp.gov.br\/novo\/wp-content\/uploads\/2020\/05\/Escalas-Maio_20-3-1536x1086.jpg 1536w, http:\/\/saolourencodaserra.sp.gov.br\/novo\/wp-content\/uploads\/2020\/05\/Escalas-Maio_20-3-2048x1448.jpg 2048w\" sizes=\"(max-width: 2339px) 100vw, 2339px\" \/><\/a><\/p>\n<h4>Escala Abril\/2020 \u2013 UPASLS<\/h4>\n<p>Escala de atendimento da Rede de Sa\u00fade do Munic\u00edpio de S\u00e3o Louren\u00e7o da Serra, referente \u00e1 Abril\/2020.<\/p>\n<p>&nbsp;<\/p>\n<p>&nbsp;<\/p>\n<p><a href=\"http:\/\/saolourencodaserra.sp.gov.br\/novo\/wp-content\/uploads\/2020\/04\/Escalas-Abril_20-2-1.jpg\"><img decoding=\"async\" loading=\"lazy\" class=\"aligncenter size-full wp-image-3341\" src=\"http:\/\/saolourencodaserra.sp.gov.br\/novo\/wp-content\/uploads\/2020\/04\/Escalas-Abril_20-2-1.jpg\" alt=\"\" width=\"2339\" height=\"1653\" srcset=\"http:\/\/saolourencodaserra.sp.gov.br\/novo\/wp-content\/uploads\/2020\/04\/Escalas-Abril_20-2-1.jpg 2339w, http:\/\/saolourencodaserra.sp.gov.br\/novo\/wp-content\/uploads\/2020\/04\/Escalas-Abril_20-2-1-300x212.jpg 300w, http:\/\/saolourencodaserra.sp.gov.br\/novo\/wp-content\/uploads\/2020\/04\/Escalas-Abril_20-2-1-1024x724.jpg 1024w, http:\/\/saolourencodaserra.sp.gov.br\/novo\/wp-content\/uploads\/2020\/04\/Escalas-Abril_20-2-1-768x543.jpg 768w, http:\/\/saolourencodaserra.sp.gov.br\/novo\/wp-content\/uploads\/2020\/04\/Escalas-Abril_20-2-1-1536x1086.jpg 1536w, http:\/\/saolourencodaserra.sp.gov.br\/novo\/wp-content\/uploads\/2020\/04\/Escalas-Abril_20-2-1-2048x1447.jpg 2048w\" sizes=\"(max-width: 2339px) 100vw, 2339px\" \/><\/a><a href=\"http:\/\/saolourencodaserra.sp.gov.br\/novo\/wp-content\/uploads\/2020\/04\/Escalas-Abril_20-3.jpg\"><img decoding=\"async\" loading=\"lazy\" class=\"aligncenter size-full wp-image-3336\" src=\"http:\/\/saolourencodaserra.sp.gov.br\/novo\/wp-content\/uploads\/2020\/04\/Escalas-Abril_20-3.jpg\" alt=\"\" width=\"2339\" height=\"1653\" srcset=\"http:\/\/saolourencodaserra.sp.gov.br\/novo\/wp-content\/uploads\/2020\/04\/Escalas-Abril_20-3.jpg 2339w, http:\/\/saolourencodaserra.sp.gov.br\/novo\/wp-content\/uploads\/2020\/04\/Escalas-Abril_20-3-300x212.jpg 300w, http:\/\/saolourencodaserra.sp.gov.br\/novo\/wp-content\/uploads\/2020\/04\/Escalas-Abril_20-3-1024x724.jpg 1024w, http:\/\/saolourencodaserra.sp.gov.br\/novo\/wp-content\/uploads\/2020\/04\/Escalas-Abril_20-3-768x543.jpg 768w, http:\/\/saolourencodaserra.sp.gov.br\/novo\/wp-content\/uploads\/2020\/04\/Escalas-Abril_20-3-1536x1086.jpg 1536w, http:\/\/saolourencodaserra.sp.gov.br\/novo\/wp-content\/uploads\/2020\/04\/Escalas-Abril_20-3-2048x1447.jpg 2048w\" sizes=\"(max-width: 2339px) 100vw, 2339px\" \/><\/a><a href=\"http:\/\/saolourencodaserra.sp.gov.br\/novo\/wp-content\/uploads\/2020\/04\/Escalas-Abril_20-4.jpg\"><img decoding=\"async\" loading=\"lazy\" class=\"aligncenter size-full wp-image-3337\" src=\"http:\/\/saolourencodaserra.sp.gov.br\/novo\/wp-content\/uploads\/2020\/04\/Escalas-Abril_20-4.jpg\" alt=\"\" width=\"2339\" height=\"1653\" srcset=\"http:\/\/saolourencodaserra.sp.gov.br\/novo\/wp-content\/uploads\/2020\/04\/Escalas-Abril_20-4.jpg 2339w, http:\/\/saolourencodaserra.sp.gov.br\/novo\/wp-content\/uploads\/2020\/04\/Escalas-Abril_20-4-300x212.jpg 300w, http:\/\/saolourencodaserra.sp.gov.br\/novo\/wp-content\/uploads\/2020\/04\/Escalas-Abril_20-4-1024x724.jpg 1024w, http:\/\/saolourencodaserra.sp.gov.br\/novo\/wp-content\/uploads\/2020\/04\/Escalas-Abril_20-4-768x543.jpg 768w, http:\/\/saolourencodaserra.sp.gov.br\/novo\/wp-content\/uploads\/2020\/04\/Escalas-Abril_20-4-1536x1086.jpg 1536w, http:\/\/saolourencodaserra.sp.gov.br\/novo\/wp-content\/uploads\/2020\/04\/Escalas-Abril_20-4-2048x1447.jpg 2048w\" sizes=\"(max-width: 2339px) 100vw, 2339px\" \/><\/a><a href=\"http:\/\/saolourencodaserra.sp.gov.br\/novo\/wp-content\/uploads\/2020\/04\/Escalas-Abril_20-5-1.jpg\"><img decoding=\"async\" loading=\"lazy\" class=\"aligncenter size-full wp-image-3344\" src=\"http:\/\/saolourencodaserra.sp.gov.br\/novo\/wp-content\/uploads\/2020\/04\/Escalas-Abril_20-5-1.jpg\" alt=\"\" width=\"2339\" height=\"1653\" srcset=\"http:\/\/saolourencodaserra.sp.gov.br\/novo\/wp-content\/uploads\/2020\/04\/Escalas-Abril_20-5-1.jpg 2339w, http:\/\/saolourencodaserra.sp.gov.br\/novo\/wp-content\/uploads\/2020\/04\/Escalas-Abril_20-5-1-300x212.jpg 300w, http:\/\/saolourencodaserra.sp.gov.br\/novo\/wp-content\/uploads\/2020\/04\/Escalas-Abril_20-5-1-1024x724.jpg 1024w, http:\/\/saolourencodaserra.sp.gov.br\/novo\/wp-content\/uploads\/2020\/04\/Escalas-Abril_20-5-1-768x543.jpg 768w, http:\/\/saolourencodaserra.sp.gov.br\/novo\/wp-content\/uploads\/2020\/04\/Escalas-Abril_20-5-1-1536x1086.jpg 1536w, http:\/\/saolourencodaserra.sp.gov.br\/novo\/wp-content\/uploads\/2020\/04\/Escalas-Abril_20-5-1-2048x1447.jpg 2048w\" sizes=\"(max-width: 2339px) 100vw, 2339px\" \/><\/a><a href=\"http:\/\/saolourencodaserra.sp.gov.br\/novo\/wp-content\/uploads\/2020\/04\/Escalas-Abril_20-1-1.jpg\"><img decoding=\"async\" loading=\"lazy\" class=\"aligncenter size-full wp-image-3339\" src=\"http:\/\/saolourencodaserra.sp.gov.br\/novo\/wp-content\/uploads\/2020\/04\/Escalas-Abril_20-1-1.jpg\" alt=\"\" width=\"2339\" height=\"1653\" srcset=\"http:\/\/saolourencodaserra.sp.gov.br\/novo\/wp-content\/uploads\/2020\/04\/Escalas-Abril_20-1-1.jpg 2339w, http:\/\/saolourencodaserra.sp.gov.br\/novo\/wp-content\/uploads\/2020\/04\/Escalas-Abril_20-1-1-300x212.jpg 300w, http:\/\/saolourencodaserra.sp.gov.br\/novo\/wp-content\/uploads\/2020\/04\/Escalas-Abril_20-1-1-1024x724.jpg 1024w, http:\/\/saolourencodaserra.sp.gov.br\/novo\/wp-content\/uploads\/2020\/04\/Escalas-Abril_20-1-1-768x543.jpg 768w, http:\/\/saolourencodaserra.sp.gov.br\/novo\/wp-content\/uploads\/2020\/04\/Escalas-Abril_20-1-1-1536x1086.jpg 1536w, http:\/\/saolourencodaserra.sp.gov.br\/novo\/wp-content\/uploads\/2020\/04\/Escalas-Abril_20-1-1-2048x1447.jpg 2048w\" sizes=\"(max-width: 2339px) 100vw, 2339px\" \/><\/a><\/p>\n","protected":false},"excerpt":{"rendered":"<p>Escala Julho\/2020 \u2013 UPASLS Escala de atendimento da Rede de Sa\u00fade do Munic\u00edpio de S\u00e3o Louren\u00e7o da Serra, referente \u00e1 Julho de 2020.Escala Junho\/2020 \u2013 UPASLS Escala de atendimento da Rede de Sa\u00fade do Munic\u00edpio de S\u00e3o Louren\u00e7o da Serra, referente \u00e1 Junho\/2020. Escala Maio\/2020 \u2013 UPASLS Escala de atendimento da Rede de Sa\u00fade do &#8230;<\/p>\n","protected":false},"author":1,"featured_media":3230,"comment_status":"open","ping_status":"open","sticky":false,"template":"","format":"standard","meta":[],"categories":[20,16],"tags":[],"_links":{"self":[{"href":"http:\/\/saolourencodaserra.sp.gov.br\/novo\/wp-json\/wp\/v2\/posts\/3397"}],"collection":[{"href":"http:\/\/saolourencodaserra.sp.gov.br\/novo\/wp-json\/wp\/v2\/posts"}],"about":[{"href":"http:\/\/saolourencodaserra.sp.gov.br\/novo\/wp-json\/wp\/v2\/types\/post"}],"author":[{"embeddable":true,"href":"http:\/\/saolourencodaserra.sp.gov.br\/novo\/wp-json\/wp\/v2\/users\/1"}],"replies":[{"embeddable":true,"href":"http:\/\/saolourencodaserra.sp.gov.br\/novo\/wp-json\/wp\/v2\/comments?post=3397"}],"version-history":[{"count":0,"href":"http:\/\/saolourencodaserra.sp.gov.br\/novo\/wp-json\/wp\/v2\/posts\/3397\/revisions"}],"wp:featuredmedia":[{"embeddable":true,"href":"http:\/\/saolourencodaserra.sp.gov.br\/novo\/wp-json\/wp\/v2\/media\/3230"}],"wp:attachment":[{"href":"http:\/\/saolourencodaserra.sp.gov.br\/novo\/wp-json\/wp\/v2\/media?parent=3397"}],"wp:term":[{"taxonomy":"category","embeddable":true,"href":"http:\/\/saolourencodaserra.sp.gov.br\/novo\/wp-json\/wp\/v2\/categories?post=3397"},{"taxonomy":"post_tag","embeddable":true,"href":"http:\/\/saolourencodaserra.sp.gov.br\/novo\/wp-json\/wp\/v2\/tags?post=3397"}],"curies":[{"name":"wp","href":"https:\/\/api.w.org\/{rel}","templated":true}]}}