{"id":327,"date":"2017-03-28T21:20:33","date_gmt":"2017-03-29T00:20:33","guid":{"rendered":"http:\/\/saolourencodaserra.sp.gov.br\/novo\/?p=327"},"modified":"2017-04-22T21:55:43","modified_gmt":"2017-04-23T00:55:43","slug":"programa-de-alfabetizacao-de-adultos-inscricoes-abertas","status":"publish","type":"post","link":"http:\/\/saolourencodaserra.sp.gov.br\/novo\/programa-de-alfabetizacao-de-adultos-inscricoes-abertas\/","title":{"rendered":"Programa de Alfabetiza\u00e7\u00e3o de Adultos &#8211; Inscri\u00e7\u00f5es Abertas"},"content":{"rendered":"<p style=\"text-align: justify;\">Est\u00e3o abertas as inscri\u00e7\u00f5es para o <strong>Programa de Alfabetiza\u00e7\u00e3o de Adultos<\/strong>, uma iniciativa que vem da parceria entre a Casa da Agricultura, o Sindicato Rural de S\u00e3o Paulo, o SENAR e a FAESP.<\/p>\n<p style=\"text-align: justify;\">As inscri\u00e7\u00f5es podem ser feitas diretamente na Divis\u00e3o Casa da Agricultura na Prefeitura Municipal. <strong>As vagas s\u00e3o limitadas.<\/strong><\/p>\n<p>Mais informa\u00e7\u00f5es e esclarecimentos, fale com a Giani pelo (11)4687-1045.<\/p>\n<p style=\"text-align: justify;\"><strong>Programa de Alfabetiza\u00e7\u00e3o de Adultos em S\u00e3o Louren\u00e7o da Serra<\/strong><br \/>\n<strong>Idade m\u00ednima para inscri\u00e7\u00e3o<\/strong>: 15 anos<br \/>\n<strong>Dura\u00e7\u00e3o do Curso<\/strong>: 7 meses<br \/>\nAs aulas ser\u00e3o de segunda a sexta-feira, ministradas num per\u00edodo de 2h30<br \/>\n<strong>Conte\u00fado Program\u00e1tico<\/strong>:<br \/>\nPortugu\u00eas, Matem\u00e1tica, Numerais, Calend\u00e1rio, Datas comemorativas, Sistema monet\u00e1rio, Porcentagem, Horas, Uso de calculadora, Ci\u00eancias Humanas, Sa\u00fade, Sexualidade, Pa\u00edses, Trabalho, Cidadania, Pol\u00edtica, Geografia, Meio Ambiente, Artes, M\u00fasica, dentre outros.<\/p>\n","protected":false},"excerpt":{"rendered":"<p>Est\u00e3o abertas as inscri\u00e7\u00f5es para o Programa de Alfabetiza\u00e7\u00e3o de Adultos, uma iniciativa que vem da parceria entre a Casa da Agricultura, o Sindicato Rural de S\u00e3o Paulo, o SENAR e a FAESP. As inscri\u00e7\u00f5es podem ser feitas diretamente na Divis\u00e3o Casa da Agricultura na Prefeitura Municipal. As vagas s\u00e3o limitadas. Mais informa\u00e7\u00f5es e esclarecimentos, &#8230;<\/p>\n","protected":false},"author":1,"featured_media":328,"comment_status":"open","ping_status":"open","sticky":false,"template":"","format":"standard","meta":[],"categories":[39],"tags":[],"_links":{"self":[{"href":"http:\/\/saolourencodaserra.sp.gov.br\/novo\/wp-json\/wp\/v2\/posts\/327"}],"collection":[{"href":"http:\/\/saolourencodaserra.sp.gov.br\/novo\/wp-json\/wp\/v2\/posts"}],"about":[{"href":"http:\/\/saolourencodaserra.sp.gov.br\/novo\/wp-json\/wp\/v2\/types\/post"}],"author":[{"embeddable":true,"href":"http:\/\/saolourencodaserra.sp.gov.br\/novo\/wp-json\/wp\/v2\/users\/1"}],"replies":[{"embeddable":true,"href":"http:\/\/saolourencodaserra.sp.gov.br\/novo\/wp-json\/wp\/v2\/comments?post=327"}],"version-history":[{"count":0,"href":"http:\/\/saolourencodaserra.sp.gov.br\/novo\/wp-json\/wp\/v2\/posts\/327\/revisions"}],"wp:featuredmedia":[{"embeddable":true,"href":"http:\/\/saolourencodaserra.sp.gov.br\/novo\/wp-json\/wp\/v2\/media\/328"}],"wp:attachment":[{"href":"http:\/\/saolourencodaserra.sp.gov.br\/novo\/wp-json\/wp\/v2\/media?parent=327"}],"wp:term":[{"taxonomy":"category","embeddable":true,"href":"http:\/\/saolourencodaserra.sp.gov.br\/novo\/wp-json\/wp\/v2\/categories?post=327"},{"taxonomy":"post_tag","embeddable":true,"href":"http:\/\/saolourencodaserra.sp.gov.br\/novo\/wp-json\/wp\/v2\/tags?post=327"}],"curies":[{"name":"wp","href":"https:\/\/api.w.org\/{rel}","templated":true}]}}