{"id":3237,"date":"2020-03-23T13:37:08","date_gmt":"2020-03-23T16:37:08","guid":{"rendered":"http:\/\/saolourencodaserra.sp.gov.br\/novo\/?p=3237"},"modified":"2020-03-23T13:42:07","modified_gmt":"2020-03-23T16:42:07","slug":"nota-publica","status":"publish","type":"post","link":"http:\/\/saolourencodaserra.sp.gov.br\/novo\/nota-publica\/","title":{"rendered":"Nota P\u00fablica"},"content":{"rendered":"<p>Estamos diante de um inimigo invis\u00edvel e um grave problema de sa\u00fade p\u00fablica no Brasil.<br \/>\nN\u00f3s do departamento de sa\u00fade de S\u00e3o Louren\u00e7o da Serra e de <span style=\"font-family: georgia, palatino, serif;\">todo<\/span> seu corpo t\u00e9cnico, juntamente com a prefeitura municipal estamos tomando todas as medidas necess\u00e1rias para a conten\u00e7\u00e3o do COVID 19. Mas ressalto a import\u00e2ncia de todos fazerem o dever de casa:<br \/>\n&#8211; higieniza\u00e7\u00e3o das m\u00e3os.<br \/>\n&#8211; permane\u00e7am dentro de suas casas e saiam somente se necess\u00e1rio.<br \/>\n&#8211; ao sinal de qualquer sintoma leve permane\u00e7a em casa. Procure o servi\u00e7o de sa\u00fade caso piora do quadro.<br \/>\nTais medidas n\u00e3o eliminam mas diminui o risco de contagio e transmiss\u00e3o.<br \/>\nEsclare\u00e7o ainda que toda informa\u00e7\u00e3o se dar\u00e1 por meios oficiais.<br \/>\nO plano de conting\u00eancia estar\u00e1 dispon\u00edvel no site da prefeitura municipal e tamb\u00e9m em cada unidade de sa\u00fade.<br \/>\nA todos os profissionais de sa\u00fade, em particular aos nossos para que sejamos firmes e a todos que contribuem, pois, isso ser\u00e1 lembrado.<br \/>\nUnamo-nos tamb\u00e9m em ora\u00e7\u00e3o com todas as denomina\u00e7\u00f5es eclesiais para que se chegue ao fim desta pandemia.<br \/>\nEsclare\u00e7o de antem\u00e3o que n\u00e3o temos em nosso munic\u00edpio casos confirmados ou suspeitos, o que temos s\u00e3o pessoas de m\u00e1 f\u00e9 se aproveitando da situa\u00e7\u00e3o para causar p\u00e2nico.<br \/>\nFechemos as portas para o coronav\u00edrus, mas o departamento de sa\u00fade est\u00e1 de portas abertas para quaisquer esclarecimento.<br \/>\nDivulgue isso em sua rede social para que chegue aos 15860 habitantes de nosso munic\u00edpio.<\/p>\n<p>Danilo de Paula Silva<br \/>\nDiretor do departamento de sa\u00fade de S\u00e3o Louren\u00e7o da Serra<\/p>\n","protected":false},"excerpt":{"rendered":"<p>Estamos diante de um inimigo invis\u00edvel e um grave problema de sa\u00fade p\u00fablica no Brasil. N\u00f3s do departamento de sa\u00fade de S\u00e3o Louren\u00e7o da Serra e de todo seu corpo t\u00e9cnico, juntamente com a prefeitura municipal estamos tomando todas as medidas necess\u00e1rias para a conten\u00e7\u00e3o do COVID 19. Mas ressalto a import\u00e2ncia de todos fazerem &#8230;<\/p>\n","protected":false},"author":1,"featured_media":3230,"comment_status":"open","ping_status":"open","sticky":false,"template":"","format":"standard","meta":[],"categories":[20,21,25,16],"tags":[],"_links":{"self":[{"href":"http:\/\/saolourencodaserra.sp.gov.br\/novo\/wp-json\/wp\/v2\/posts\/3237"}],"collection":[{"href":"http:\/\/saolourencodaserra.sp.gov.br\/novo\/wp-json\/wp\/v2\/posts"}],"about":[{"href":"http:\/\/saolourencodaserra.sp.gov.br\/novo\/wp-json\/wp\/v2\/types\/post"}],"author":[{"embeddable":true,"href":"http:\/\/saolourencodaserra.sp.gov.br\/novo\/wp-json\/wp\/v2\/users\/1"}],"replies":[{"embeddable":true,"href":"http:\/\/saolourencodaserra.sp.gov.br\/novo\/wp-json\/wp\/v2\/comments?post=3237"}],"version-history":[{"count":0,"href":"http:\/\/saolourencodaserra.sp.gov.br\/novo\/wp-json\/wp\/v2\/posts\/3237\/revisions"}],"wp:featuredmedia":[{"embeddable":true,"href":"http:\/\/saolourencodaserra.sp.gov.br\/novo\/wp-json\/wp\/v2\/media\/3230"}],"wp:attachment":[{"href":"http:\/\/saolourencodaserra.sp.gov.br\/novo\/wp-json\/wp\/v2\/media?parent=3237"}],"wp:term":[{"taxonomy":"category","embeddable":true,"href":"http:\/\/saolourencodaserra.sp.gov.br\/novo\/wp-json\/wp\/v2\/categories?post=3237"},{"taxonomy":"post_tag","embeddable":true,"href":"http:\/\/saolourencodaserra.sp.gov.br\/novo\/wp-json\/wp\/v2\/tags?post=3237"}],"curies":[{"name":"wp","href":"https:\/\/api.w.org\/{rel}","templated":true}]}}