{"id":317,"date":"2017-03-15T21:07:42","date_gmt":"2017-03-16T00:07:42","guid":{"rendered":"http:\/\/saolourencodaserra.sp.gov.br\/novo\/?p=317"},"modified":"2017-04-22T21:11:41","modified_gmt":"2017-04-23T00:11:41","slug":"proer-inscricoes-abertas","status":"publish","type":"post","link":"http:\/\/saolourencodaserra.sp.gov.br\/novo\/proer-inscricoes-abertas\/","title":{"rendered":"PROER &#8211; Inscri\u00e7\u00f5es abertas"},"content":{"rendered":"<p style=\"text-align: justify;\">Est\u00e3o abertas as inscri\u00e7\u00f5es para o <strong>PROER<\/strong> (Programa de Empres\u00e1rio Rural) que visa levar ao produtor uma vis\u00e3o empresarial de seu neg\u00f3cio, auxiliando-o no planejamento estrat\u00e9gico de sua empresa e elabora\u00e7\u00e3o de projetos agropecu\u00e1rios de investimento de capital.<\/p>\n<p style=\"text-align: justify;\">O Programa est\u00e1 sendo trazido pela <strong>Casa da Agricultura de S\u00e3o Louren\u00e7o da Serra<\/strong>, em parceria com o Sindicato Rural de S\u00e3o Paulo, o SENAR e a FAESP e visa atender produtores e trabalhadores rurais envolvidos na administra\u00e7\u00e3o de empreendimentos agropecu\u00e1rios.<\/p>\n<p style=\"text-align: justify;\">Para saber mais sobre o Programa, fale com a Giani no (11)4687-1045.<\/p>\n","protected":false},"excerpt":{"rendered":"<p>Est\u00e3o abertas as inscri\u00e7\u00f5es para o PROER (Programa de Empres\u00e1rio Rural) que visa levar ao produtor uma vis\u00e3o empresarial de seu neg\u00f3cio, auxiliando-o no planejamento estrat\u00e9gico de sua empresa e elabora\u00e7\u00e3o de projetos agropecu\u00e1rios de investimento de capital. O Programa est\u00e1 sendo trazido pela Casa da Agricultura de S\u00e3o Louren\u00e7o da Serra, em parceria com &#8230;<\/p>\n","protected":false},"author":1,"featured_media":318,"comment_status":"open","ping_status":"open","sticky":false,"template":"","format":"standard","meta":[],"categories":[21],"tags":[],"_links":{"self":[{"href":"http:\/\/saolourencodaserra.sp.gov.br\/novo\/wp-json\/wp\/v2\/posts\/317"}],"collection":[{"href":"http:\/\/saolourencodaserra.sp.gov.br\/novo\/wp-json\/wp\/v2\/posts"}],"about":[{"href":"http:\/\/saolourencodaserra.sp.gov.br\/novo\/wp-json\/wp\/v2\/types\/post"}],"author":[{"embeddable":true,"href":"http:\/\/saolourencodaserra.sp.gov.br\/novo\/wp-json\/wp\/v2\/users\/1"}],"replies":[{"embeddable":true,"href":"http:\/\/saolourencodaserra.sp.gov.br\/novo\/wp-json\/wp\/v2\/comments?post=317"}],"version-history":[{"count":0,"href":"http:\/\/saolourencodaserra.sp.gov.br\/novo\/wp-json\/wp\/v2\/posts\/317\/revisions"}],"wp:featuredmedia":[{"embeddable":true,"href":"http:\/\/saolourencodaserra.sp.gov.br\/novo\/wp-json\/wp\/v2\/media\/318"}],"wp:attachment":[{"href":"http:\/\/saolourencodaserra.sp.gov.br\/novo\/wp-json\/wp\/v2\/media?parent=317"}],"wp:term":[{"taxonomy":"category","embeddable":true,"href":"http:\/\/saolourencodaserra.sp.gov.br\/novo\/wp-json\/wp\/v2\/categories?post=317"},{"taxonomy":"post_tag","embeddable":true,"href":"http:\/\/saolourencodaserra.sp.gov.br\/novo\/wp-json\/wp\/v2\/tags?post=317"}],"curies":[{"name":"wp","href":"https:\/\/api.w.org\/{rel}","templated":true}]}}