{"id":2864,"date":"2019-04-04T00:48:53","date_gmt":"2019-04-04T03:48:53","guid":{"rendered":"http:\/\/saolourencodaserra.sp.gov.br\/novo\/?p=2864"},"modified":"2019-04-04T00:48:53","modified_gmt":"2019-04-04T03:48:53","slug":"convite-3a-conferencia-municipal-de-saude","status":"publish","type":"post","link":"http:\/\/saolourencodaserra.sp.gov.br\/novo\/convite-3a-conferencia-municipal-de-saude\/","title":{"rendered":"Convite &#8211; 3\u00aa Confer\u00eancia Municipal de Sa\u00fade"},"content":{"rendered":"<p>A Prefeitura de S\u00e3o Louren\u00e7o da Serra atrav\u00e9s do Conselho Municipal de Sa\u00fade, convida a todos para a 3\u00aa Confer\u00eancia Municipal de Sa\u00fade.<\/p>\n<p>O tema escolhido para a confer\u00eancia \u00e9: <strong>Democracia e Sa\u00fade.<\/strong><\/p>\n<p>Compare\u00e7a e saiba mais sobre os desdobramentos da Sa\u00fade no munic\u00edpio.<\/p>\n<p><strong>3\u00aa Confer\u00eancia Municipal de Sa\u00fade<\/strong><br \/>\n<strong>Local:<\/strong> C\u00e2mara Municipal de S\u00e3o Louren\u00e7o da Serra<br \/>\nPra\u00e7a 10 de Agosto, 40 &#8211; Centro<br \/>\nS\u00e3o Louren\u00e7o da Serra\/SP<br \/>\n<strong>Data:<\/strong> 08\/04<br \/>\n<strong>Hor\u00e1rio:<\/strong> Das 9h \u00e0s 13h<\/p>\n","protected":false},"excerpt":{"rendered":"<p>A Prefeitura de S\u00e3o Louren\u00e7o da Serra atrav\u00e9s do Conselho Municipal de Sa\u00fade, convida a todos para a 3\u00aa Confer\u00eancia Municipal de Sa\u00fade. O tema escolhido para a confer\u00eancia \u00e9: Democracia e Sa\u00fade. Compare\u00e7a e saiba mais sobre os desdobramentos da Sa\u00fade no munic\u00edpio. 3\u00aa Confer\u00eancia Municipal de Sa\u00fade Local: C\u00e2mara Municipal de S\u00e3o Louren\u00e7o &#8230;<\/p>\n","protected":false},"author":1,"featured_media":2865,"comment_status":"open","ping_status":"open","sticky":false,"template":"","format":"standard","meta":[],"categories":[67,20,25,37,16],"tags":[],"_links":{"self":[{"href":"http:\/\/saolourencodaserra.sp.gov.br\/novo\/wp-json\/wp\/v2\/posts\/2864"}],"collection":[{"href":"http:\/\/saolourencodaserra.sp.gov.br\/novo\/wp-json\/wp\/v2\/posts"}],"about":[{"href":"http:\/\/saolourencodaserra.sp.gov.br\/novo\/wp-json\/wp\/v2\/types\/post"}],"author":[{"embeddable":true,"href":"http:\/\/saolourencodaserra.sp.gov.br\/novo\/wp-json\/wp\/v2\/users\/1"}],"replies":[{"embeddable":true,"href":"http:\/\/saolourencodaserra.sp.gov.br\/novo\/wp-json\/wp\/v2\/comments?post=2864"}],"version-history":[{"count":0,"href":"http:\/\/saolourencodaserra.sp.gov.br\/novo\/wp-json\/wp\/v2\/posts\/2864\/revisions"}],"wp:featuredmedia":[{"embeddable":true,"href":"http:\/\/saolourencodaserra.sp.gov.br\/novo\/wp-json\/wp\/v2\/media\/2865"}],"wp:attachment":[{"href":"http:\/\/saolourencodaserra.sp.gov.br\/novo\/wp-json\/wp\/v2\/media?parent=2864"}],"wp:term":[{"taxonomy":"category","embeddable":true,"href":"http:\/\/saolourencodaserra.sp.gov.br\/novo\/wp-json\/wp\/v2\/categories?post=2864"},{"taxonomy":"post_tag","embeddable":true,"href":"http:\/\/saolourencodaserra.sp.gov.br\/novo\/wp-json\/wp\/v2\/tags?post=2864"}],"curies":[{"name":"wp","href":"https:\/\/api.w.org\/{rel}","templated":true}]}}