{"id":238,"date":"2017-04-13T20:37:50","date_gmt":"2017-04-13T23:37:50","guid":{"rendered":"http:\/\/saolourencodaserra.sp.gov.br\/novo\/?p=238"},"modified":"2017-04-21T20:38:24","modified_gmt":"2017-04-21T23:38:24","slug":"nota-de-esclarecimento-iptu-2017","status":"publish","type":"post","link":"http:\/\/saolourencodaserra.sp.gov.br\/novo\/nota-de-esclarecimento-iptu-2017\/","title":{"rendered":"Nota de Esclarecimento &#8211; IPTU 2017"},"content":{"rendered":"<h3>Mudan\u00e7as no IPTU 2017 provocam atrasos<\/h3>\n<p>Vimos a p\u00fablico informar que a <strong>Federa\u00e7\u00e3o Brasileira de Bancos (Febraban)<\/strong>, promoveu mudan\u00e7as na plataforma de recebimento de tributos para o exerc\u00edcio de 2017. Essa altera\u00e7\u00e3o tem provocado mudan\u00e7as na rotina de pagamento do <strong>Imposto Predial e Territorial Urbano &#8211; IPTU<\/strong>.<br \/>\nA modalidade <strong>&#8220;Ficha de Compensa\u00e7\u00e3o&#8221;<\/strong> &#8211; anteriormente adotada &#8211; foi transformada em <strong>&#8220;Arrecada\u00e7\u00e3o&#8221;<\/strong>. Para isso foi necess\u00e1rio modificar todo o c\u00f3digo de barras para emiss\u00e3o do carn\u00ea de pagamento, acarretando atrasos no processo de impress\u00e3o dos carn\u00eas.<br \/>\nDevido \u00e0 dificuldade acima apresentada, o vencimento da parcela \u00fanica, bem como a 1\u00aa parcela ser\u00e1 dia 25 de abril e o pagamento passa a ser aceito <strong>apenas em ag\u00eancias da Caixa Econ\u00f4mica Federal, Casas Lot\u00e9ricas<\/strong> ou diretamente na <strong>Tesouraria da Prefeitura<\/strong>.<\/p>\n<p><strong>Para facilitar e agilizar o processo de distribui\u00e7\u00e3o dos carn\u00eas, adotaremos o cronograma abaixo:<\/strong><br \/>\n<strong>18 \u00e0 20 de abril<\/strong><br \/>\nEntrega no Pa\u00e7o Municipal (Prefeitura)<br \/>\n<strong>Endere\u00e7o:<\/strong> Rua Hon\u00f3rio Augusto de Camargo, 5<br \/>\n06890-000 S\u00e3o Louren\u00e7o da Serra<br \/>\n<strong>Hor\u00e1rio:<\/strong> das 8h \u00e0s 12h e das 13h \u00e0s 17h;<\/p>\n<p><strong>21 e 22 de abril<\/strong><br \/>\nMutir\u00e3o de entrega em toda a cidade.<br \/>\n<strong>Hor\u00e1rio:<\/strong> das 9h \u00e0s 17h;<\/p>\n<p>Desde j\u00e1 agradecemos a todos e contamos com a compreens\u00e3o e colabora\u00e7\u00e3o para, juntos, superar esse transtorno.<br \/>\n<strong>Obs.:<\/strong> Para mais informa\u00e7\u00f5es bem como para c\u00e1lculo de valores, entrar em contato pelo telefone: (11) 4687 1069.<\/p>\n","protected":false},"excerpt":{"rendered":"<p>Mudan\u00e7as no IPTU 2017 provocam atrasos Vimos a p\u00fablico informar que a Federa\u00e7\u00e3o Brasileira de Bancos (Febraban), promoveu mudan\u00e7as na plataforma de recebimento de tributos para o exerc\u00edcio de 2017. Essa altera\u00e7\u00e3o tem provocado mudan\u00e7as na rotina de pagamento do Imposto Predial e Territorial Urbano &#8211; IPTU. A modalidade &#8220;Ficha de Compensa\u00e7\u00e3o&#8221; &#8211; anteriormente adotada &#8230;<\/p>\n","protected":false},"author":1,"featured_media":239,"comment_status":"open","ping_status":"open","sticky":false,"template":"","format":"standard","meta":[],"categories":[21],"tags":[],"_links":{"self":[{"href":"http:\/\/saolourencodaserra.sp.gov.br\/novo\/wp-json\/wp\/v2\/posts\/238"}],"collection":[{"href":"http:\/\/saolourencodaserra.sp.gov.br\/novo\/wp-json\/wp\/v2\/posts"}],"about":[{"href":"http:\/\/saolourencodaserra.sp.gov.br\/novo\/wp-json\/wp\/v2\/types\/post"}],"author":[{"embeddable":true,"href":"http:\/\/saolourencodaserra.sp.gov.br\/novo\/wp-json\/wp\/v2\/users\/1"}],"replies":[{"embeddable":true,"href":"http:\/\/saolourencodaserra.sp.gov.br\/novo\/wp-json\/wp\/v2\/comments?post=238"}],"version-history":[{"count":0,"href":"http:\/\/saolourencodaserra.sp.gov.br\/novo\/wp-json\/wp\/v2\/posts\/238\/revisions"}],"wp:featuredmedia":[{"embeddable":true,"href":"http:\/\/saolourencodaserra.sp.gov.br\/novo\/wp-json\/wp\/v2\/media\/239"}],"wp:attachment":[{"href":"http:\/\/saolourencodaserra.sp.gov.br\/novo\/wp-json\/wp\/v2\/media?parent=238"}],"wp:term":[{"taxonomy":"category","embeddable":true,"href":"http:\/\/saolourencodaserra.sp.gov.br\/novo\/wp-json\/wp\/v2\/categories?post=238"},{"taxonomy":"post_tag","embeddable":true,"href":"http:\/\/saolourencodaserra.sp.gov.br\/novo\/wp-json\/wp\/v2\/tags?post=238"}],"curies":[{"name":"wp","href":"https:\/\/api.w.org\/{rel}","templated":true}]}}