{"id":1951,"date":"2018-04-09T01:42:49","date_gmt":"2018-04-09T04:42:49","guid":{"rendered":"http:\/\/saolourencodaserra.sp.gov.br\/novo\/?p=1951"},"modified":"2018-04-13T11:06:53","modified_gmt":"2018-04-13T14:06:53","slug":"curso-gratuito-de-jardinagem-em-sao-lourenco-da-serra-2","status":"publish","type":"post","link":"http:\/\/saolourencodaserra.sp.gov.br\/novo\/curso-gratuito-de-jardinagem-em-sao-lourenco-da-serra-2\/","title":{"rendered":"CURSO GRATUITO de Jardinagem em S\u00e3o Louren\u00e7o da Serra"},"content":{"rendered":"<h4>Curso Gratuito &#8211; Novo m\u00f3dulo &#8211; Manuten\u00e7\u00e3o e Condu\u00e7\u00e3o de Jardim<\/h4>\n<p style=\"text-align: justify;\">A Prefeitura de S\u00e3o Louren\u00e7o da Serra traz mais um <strong>CURSO GRATUITO<\/strong> para os cidad\u00e3os. Atrav\u00e9s da <strong>Divis\u00e3o Casa da Agricultura<\/strong> com apoio do <strong>Sindicato Rural de S\u00e3o Paulo<\/strong>, <strong>SENAR<\/strong> e <strong>FAESP<\/strong>, voc\u00ea que mora na cidade tem mais uma oportunidade de profissionaliza\u00e7\u00e3o, totalmente <strong>GR\u00c1TIS<\/strong>!<\/p>\n<p style=\"text-align: justify;\">O objetivo do <strong>Curso de Jardinagem<\/strong>\u00a0&#8211; <strong>M\u00f3dulo de Manuten\u00e7\u00e3o e Condu\u00e7\u00e3o de Jardim<\/strong> &#8211; \u00e9 fazer com que os alunos estejam aptos a prestar servi\u00e7os profissionais de manuten\u00e7\u00e3o geral, trocas de plantas, adu\u00e7\u00e3o e condu\u00e7\u00e3o do jardim.<\/p>\n<p style=\"text-align: justify;\">O curso abrange ainda ensinamentos de como realizar podas, corte de cerca viva e grama, identifica\u00e7\u00e3o e uso de equipamentos e ferramentas de jardinagem, al\u00e9m da instru\u00e7\u00e3o para formata\u00e7\u00e3o de or\u00e7amento e execu\u00e7\u00e3o do servi\u00e7o de jardinagem.<\/p>\n<h4>Aproveite essa oportunidade, inscreva-se agora mesmo no CURSO GRATUITO de Jardinagem!<\/h4>\n<p><strong>Informa\u00e7\u00f5es<\/strong><br \/>\n<strong>Inscri\u00e7\u00f5es:<\/strong> at\u00e9 16\/04<br \/>\n<strong>Local:<\/strong> Prefeitura Municipal de S\u00e3o Louren\u00e7o da Serra<br \/>\nRua Onedina Maria de Camargo, 422 &#8211; Centro<br \/>\nS\u00e3o Louren\u00e7o da Serra\/SP<\/p>\n<p><strong>Data do curso:<\/strong> dias 24, 25, 26 e 27\/04 das 8h as 17h (ter\u00e7a a sexta-feira)<\/p>\n<p><strong>Local:<\/strong> Prefeitura Municipal de S\u00e3o Louren\u00e7o da Serra<br \/>\n<strong>Documentos:<\/strong> c\u00f3pia simples de RG e CPF<br \/>\n<strong>Contato:<\/strong> 11 4687-1069<br \/>\n<strong>Respons\u00e1veis:<\/strong> Giani Nibu e Rodrigo<\/p>\n<p>Mais uma realiza\u00e7\u00e3o da <strong>Prefeitura de S\u00e3o Louren\u00e7o da Serra<\/strong> atrav\u00e9s da <strong>Divis\u00e3o Casa da Agricultura<\/strong>, com apoio do <strong>Sindicado Rural de S\u00e3o Paulo<\/strong>, <strong>SENAR<\/strong> e <strong>FAESP<\/strong>.<\/p>\n<h4>Prefeitura, Trabalhando de Verdade!<\/h4>\n","protected":false},"excerpt":{"rendered":"<p>Curso Gratuito &#8211; Novo m\u00f3dulo &#8211; Manuten\u00e7\u00e3o e Condu\u00e7\u00e3o de Jardim A Prefeitura de S\u00e3o Louren\u00e7o da Serra traz mais um CURSO GRATUITO para os cidad\u00e3os. Atrav\u00e9s da Divis\u00e3o Casa da Agricultura com apoio do Sindicato Rural de S\u00e3o Paulo, SENAR e FAESP, voc\u00ea que mora na cidade tem mais uma oportunidade de profissionaliza\u00e7\u00e3o, totalmente &#8230;<\/p>\n","protected":false},"author":1,"featured_media":1963,"comment_status":"open","ping_status":"open","sticky":false,"template":"","format":"standard","meta":[],"categories":[25,39,40,69,16],"tags":[75,76,77,190,212,251,327,353],"_links":{"self":[{"href":"http:\/\/saolourencodaserra.sp.gov.br\/novo\/wp-json\/wp\/v2\/posts\/1951"}],"collection":[{"href":"http:\/\/saolourencodaserra.sp.gov.br\/novo\/wp-json\/wp\/v2\/posts"}],"about":[{"href":"http:\/\/saolourencodaserra.sp.gov.br\/novo\/wp-json\/wp\/v2\/types\/post"}],"author":[{"embeddable":true,"href":"http:\/\/saolourencodaserra.sp.gov.br\/novo\/wp-json\/wp\/v2\/users\/1"}],"replies":[{"embeddable":true,"href":"http:\/\/saolourencodaserra.sp.gov.br\/novo\/wp-json\/wp\/v2\/comments?post=1951"}],"version-history":[{"count":0,"href":"http:\/\/saolourencodaserra.sp.gov.br\/novo\/wp-json\/wp\/v2\/posts\/1951\/revisions"}],"wp:featuredmedia":[{"embeddable":true,"href":"http:\/\/saolourencodaserra.sp.gov.br\/novo\/wp-json\/wp\/v2\/media\/1963"}],"wp:attachment":[{"href":"http:\/\/saolourencodaserra.sp.gov.br\/novo\/wp-json\/wp\/v2\/media?parent=1951"}],"wp:term":[{"taxonomy":"category","embeddable":true,"href":"http:\/\/saolourencodaserra.sp.gov.br\/novo\/wp-json\/wp\/v2\/categories?post=1951"},{"taxonomy":"post_tag","embeddable":true,"href":"http:\/\/saolourencodaserra.sp.gov.br\/novo\/wp-json\/wp\/v2\/tags?post=1951"}],"curies":[{"name":"wp","href":"https:\/\/api.w.org\/{rel}","templated":true}]}}