{"id":1714,"date":"2017-12-09T03:10:21","date_gmt":"2017-12-09T05:10:21","guid":{"rendered":"http:\/\/saolourencodaserra.sp.gov.br\/novo\/?p=1714"},"modified":"2017-12-09T03:10:21","modified_gmt":"2017-12-09T05:10:21","slug":"portal-no-bairro-do-despezio-em-sao-lourenco-da-serra","status":"publish","type":"post","link":"http:\/\/saolourencodaserra.sp.gov.br\/novo\/portal-no-bairro-do-despezio-em-sao-lourenco-da-serra\/","title":{"rendered":"Portal no bairro do Desp\u00e9zio em S\u00e3o Louren\u00e7o da Serra"},"content":{"rendered":"<p>O bairro do Desp\u00e9zio recebeu placa de sinaliza\u00e7\u00e3o tipo Portal no dia 08\/12. Prefeitura de S\u00e3o Louren\u00e7o da Serra, #TrabalhandodeVerdade!<\/p>\n<p><a href=\"http:\/\/saolourencodaserra.sp.gov.br\/novo\/wp-content\/uploads\/2017\/12\/Placa-de-sinaliza\u00e7\u00e3o-Desp\u00e9zio2.jpg\"><img decoding=\"async\" loading=\"lazy\" class=\"alignleft size-thumbnail wp-image-1717\" src=\"http:\/\/saolourencodaserra.sp.gov.br\/novo\/wp-content\/uploads\/2017\/12\/Placa-de-sinaliza\u00e7\u00e3o-Desp\u00e9zio2-150x150.jpg\" alt=\"Placa de sinaliza\u00e7\u00e3o tipo Portal no bairro do Desp\u00e9zio\" width=\"150\" height=\"150\" srcset=\"http:\/\/saolourencodaserra.sp.gov.br\/novo\/wp-content\/uploads\/2017\/12\/Placa-de-sinaliza\u00e7\u00e3o-Desp\u00e9zio2-150x150.jpg 150w, http:\/\/saolourencodaserra.sp.gov.br\/novo\/wp-content\/uploads\/2017\/12\/Placa-de-sinaliza\u00e7\u00e3o-Desp\u00e9zio2-70x70.jpg 70w, http:\/\/saolourencodaserra.sp.gov.br\/novo\/wp-content\/uploads\/2017\/12\/Placa-de-sinaliza\u00e7\u00e3o-Desp\u00e9zio2-200x200.jpg 200w, http:\/\/saolourencodaserra.sp.gov.br\/novo\/wp-content\/uploads\/2017\/12\/Placa-de-sinaliza\u00e7\u00e3o-Desp\u00e9zio2-400x400.jpg 400w\" sizes=\"(max-width: 150px) 100vw, 150px\" \/><\/a> <a href=\"http:\/\/saolourencodaserra.sp.gov.br\/novo\/wp-content\/uploads\/2017\/12\/Placa-de-sinaliza\u00e7\u00e3o-Desp\u00e9zio.jpg\"><img decoding=\"async\" loading=\"lazy\" class=\"alignleft size-thumbnail wp-image-1715\" src=\"http:\/\/saolourencodaserra.sp.gov.br\/novo\/wp-content\/uploads\/2017\/12\/Placa-de-sinaliza\u00e7\u00e3o-Desp\u00e9zio-150x150.jpg\" alt=\"Placa de sinaliza\u00e7\u00e3o tipo Portal no bairro do Desp\u00e9zio\" width=\"150\" height=\"150\" srcset=\"http:\/\/saolourencodaserra.sp.gov.br\/novo\/wp-content\/uploads\/2017\/12\/Placa-de-sinaliza\u00e7\u00e3o-Desp\u00e9zio-150x150.jpg 150w, http:\/\/saolourencodaserra.sp.gov.br\/novo\/wp-content\/uploads\/2017\/12\/Placa-de-sinaliza\u00e7\u00e3o-Desp\u00e9zio-70x70.jpg 70w, http:\/\/saolourencodaserra.sp.gov.br\/novo\/wp-content\/uploads\/2017\/12\/Placa-de-sinaliza\u00e7\u00e3o-Desp\u00e9zio-200x200.jpg 200w, http:\/\/saolourencodaserra.sp.gov.br\/novo\/wp-content\/uploads\/2017\/12\/Placa-de-sinaliza\u00e7\u00e3o-Desp\u00e9zio-400x400.jpg 400w\" sizes=\"(max-width: 150px) 100vw, 150px\" \/><\/a> <a href=\"http:\/\/saolourencodaserra.sp.gov.br\/novo\/wp-content\/uploads\/2017\/12\/Placa-de-sinaliza\u00e7\u00e3o-Desp\u00e9zio3.jpg\"><img decoding=\"async\" loading=\"lazy\" class=\"alignleft size-thumbnail wp-image-1716\" src=\"http:\/\/saolourencodaserra.sp.gov.br\/novo\/wp-content\/uploads\/2017\/12\/Placa-de-sinaliza\u00e7\u00e3o-Desp\u00e9zio3-150x150.jpg\" alt=\"Placa de sinaliza\u00e7\u00e3o tipo Portal no bairro do Desp\u00e9zio\" width=\"150\" height=\"150\" srcset=\"http:\/\/saolourencodaserra.sp.gov.br\/novo\/wp-content\/uploads\/2017\/12\/Placa-de-sinaliza\u00e7\u00e3o-Desp\u00e9zio3-150x150.jpg 150w, http:\/\/saolourencodaserra.sp.gov.br\/novo\/wp-content\/uploads\/2017\/12\/Placa-de-sinaliza\u00e7\u00e3o-Desp\u00e9zio3-70x70.jpg 70w, http:\/\/saolourencodaserra.sp.gov.br\/novo\/wp-content\/uploads\/2017\/12\/Placa-de-sinaliza\u00e7\u00e3o-Desp\u00e9zio3-200x200.jpg 200w, http:\/\/saolourencodaserra.sp.gov.br\/novo\/wp-content\/uploads\/2017\/12\/Placa-de-sinaliza\u00e7\u00e3o-Desp\u00e9zio3-400x400.jpg 400w\" sizes=\"(max-width: 150px) 100vw, 150px\" \/><\/a><\/p>\n","protected":false},"excerpt":{"rendered":"<p>O bairro do Desp\u00e9zio recebeu placa de sinaliza\u00e7\u00e3o tipo Portal no dia 08\/12. Prefeitura de S\u00e3o Louren\u00e7o da Serra, #TrabalhandodeVerdade!<\/p>\n","protected":false},"author":1,"featured_media":1715,"comment_status":"open","ping_status":"open","sticky":false,"template":"","format":"standard","meta":[],"categories":[43,40,41],"tags":[75,76,136,275,276,277],"_links":{"self":[{"href":"http:\/\/saolourencodaserra.sp.gov.br\/novo\/wp-json\/wp\/v2\/posts\/1714"}],"collection":[{"href":"http:\/\/saolourencodaserra.sp.gov.br\/novo\/wp-json\/wp\/v2\/posts"}],"about":[{"href":"http:\/\/saolourencodaserra.sp.gov.br\/novo\/wp-json\/wp\/v2\/types\/post"}],"author":[{"embeddable":true,"href":"http:\/\/saolourencodaserra.sp.gov.br\/novo\/wp-json\/wp\/v2\/users\/1"}],"replies":[{"embeddable":true,"href":"http:\/\/saolourencodaserra.sp.gov.br\/novo\/wp-json\/wp\/v2\/comments?post=1714"}],"version-history":[{"count":0,"href":"http:\/\/saolourencodaserra.sp.gov.br\/novo\/wp-json\/wp\/v2\/posts\/1714\/revisions"}],"wp:featuredmedia":[{"embeddable":true,"href":"http:\/\/saolourencodaserra.sp.gov.br\/novo\/wp-json\/wp\/v2\/media\/1715"}],"wp:attachment":[{"href":"http:\/\/saolourencodaserra.sp.gov.br\/novo\/wp-json\/wp\/v2\/media?parent=1714"}],"wp:term":[{"taxonomy":"category","embeddable":true,"href":"http:\/\/saolourencodaserra.sp.gov.br\/novo\/wp-json\/wp\/v2\/categories?post=1714"},{"taxonomy":"post_tag","embeddable":true,"href":"http:\/\/saolourencodaserra.sp.gov.br\/novo\/wp-json\/wp\/v2\/tags?post=1714"}],"curies":[{"name":"wp","href":"https:\/\/api.w.org\/{rel}","templated":true}]}}