{"id":13829,"date":"2026-04-23T16:41:42","date_gmt":"2026-04-23T19:41:42","guid":{"rendered":"https:\/\/saolourencodaserra.sp.gov.br\/novo\/?p=13829"},"modified":"2026-04-23T16:41:42","modified_gmt":"2026-04-23T19:41:42","slug":"dispensa-na-contratacao-de-empresa-especializada-e-credenciada-ao-sistema-muralha-paulista-para-o-fornecimento-instalacao-e-configuracao-de-sistema-de-monitoramento-eletronico-por-videomonitoramento","status":"publish","type":"post","link":"http:\/\/saolourencodaserra.sp.gov.br\/novo\/dispensa-na-contratacao-de-empresa-especializada-e-credenciada-ao-sistema-muralha-paulista-para-o-fornecimento-instalacao-e-configuracao-de-sistema-de-monitoramento-eletronico-por-videomonitoramento\/","title":{"rendered":"Dispensa na contrata\u00e7\u00e3o de empresa especializada e credenciada ao Sistema Muralha Paulista, para o fornecimento, instala\u00e7\u00e3o e configura\u00e7\u00e3o de sistema de monitoramento eletr\u00f4nico por videomonitoramento (CFTV)."},"content":{"rendered":"<p>Dispensa na contrata\u00e7\u00e3o de empresa especializada e credenciada ao sistema Muralha Paulista, para o fornecimento, instala\u00e7\u00e3o e configura\u00e7\u00e3o de sistema de monitoramento eletr\u00f4nico por videomonitoramento (CFTV)\u00a0 para o Almoxarifado e Unidade de Sa\u00fade da Fam\u00edlia Edgard Schimidt Couto (Centro), conforme termo de refer\u00eancia anexo.<\/p>\n<p>Os interessados dever\u00e3o encaminhar suas propostas atrav\u00e9s do Email: compras@saolourencodaserra.sp.gov.br ou no tel. 4687-2700\u00a0<strong>at\u00e9 o dia 28 de abril \u00e0s 17:00 horas.<\/strong><\/p>\n<p><a href=\"http:\/\/saolourencodaserra.sp.gov.br\/novo\/wp-content\/uploads\/2026\/04\/TERMO-DE-REFERENCIA-SISTEMA-DE-MONITORAMENTO-.pdf\">TERMO DE REFER\u00caNCIA SISTEMA DE MONITORAMENTO<\/a><\/p>\n<p><a href=\"http:\/\/saolourencodaserra.sp.gov.br\/novo\/wp-content\/uploads\/2024\/10\/ANEXOS-PUBLICACAO.pdf\">ANEXOS PUBLICA\u00c7\u00c3O<\/a><\/p>\n","protected":false},"excerpt":{"rendered":"<p>Dispensa na contrata\u00e7\u00e3o de empresa especializada e credenciada ao sistema Muralha Paulista, para o fornecimento, instala\u00e7\u00e3o e configura\u00e7\u00e3o de sistema de monitoramento eletr\u00f4nico por videomonitoramento (CFTV)\u00a0 para o Almoxarifado e Unidade de Sa\u00fade da Fam\u00edlia Edgard Schimidt Couto (Centro), conforme termo de refer\u00eancia anexo. Os interessados dever\u00e3o encaminhar suas propostas atrav\u00e9s do Email: compras@saolourencodaserra.sp.gov.br ou &#8230;<\/p>\n","protected":false},"author":1,"featured_media":0,"comment_status":"open","ping_status":"open","sticky":false,"template":"","format":"standard","meta":[],"categories":[16],"tags":[],"_links":{"self":[{"href":"http:\/\/saolourencodaserra.sp.gov.br\/novo\/wp-json\/wp\/v2\/posts\/13829"}],"collection":[{"href":"http:\/\/saolourencodaserra.sp.gov.br\/novo\/wp-json\/wp\/v2\/posts"}],"about":[{"href":"http:\/\/saolourencodaserra.sp.gov.br\/novo\/wp-json\/wp\/v2\/types\/post"}],"author":[{"embeddable":true,"href":"http:\/\/saolourencodaserra.sp.gov.br\/novo\/wp-json\/wp\/v2\/users\/1"}],"replies":[{"embeddable":true,"href":"http:\/\/saolourencodaserra.sp.gov.br\/novo\/wp-json\/wp\/v2\/comments?post=13829"}],"version-history":[{"count":1,"href":"http:\/\/saolourencodaserra.sp.gov.br\/novo\/wp-json\/wp\/v2\/posts\/13829\/revisions"}],"predecessor-version":[{"id":13831,"href":"http:\/\/saolourencodaserra.sp.gov.br\/novo\/wp-json\/wp\/v2\/posts\/13829\/revisions\/13831"}],"wp:attachment":[{"href":"http:\/\/saolourencodaserra.sp.gov.br\/novo\/wp-json\/wp\/v2\/media?parent=13829"}],"wp:term":[{"taxonomy":"category","embeddable":true,"href":"http:\/\/saolourencodaserra.sp.gov.br\/novo\/wp-json\/wp\/v2\/categories?post=13829"},{"taxonomy":"post_tag","embeddable":true,"href":"http:\/\/saolourencodaserra.sp.gov.br\/novo\/wp-json\/wp\/v2\/tags?post=13829"}],"curies":[{"name":"wp","href":"https:\/\/api.w.org\/{rel}","templated":true}]}}