{"id":13821,"date":"2026-04-23T09:03:50","date_gmt":"2026-04-23T12:03:50","guid":{"rendered":"https:\/\/saolourencodaserra.sp.gov.br\/novo\/?p=13821"},"modified":"2026-04-23T10:18:52","modified_gmt":"2026-04-23T13:18:52","slug":"pregao-eletronico-no-04-2026-processo-administrativo-no-2649-2026-suspenso-sine-die","status":"publish","type":"post","link":"http:\/\/saolourencodaserra.sp.gov.br\/novo\/pregao-eletronico-no-04-2026-processo-administrativo-no-2649-2026-suspenso-sine-die\/","title":{"rendered":"PREG\u00c3O ELETR\u00d4NICO N\u00ba 04\/2026 -PROCESSO ADMINISTRATIVO N\u00ba 2649\/2026 SUSPENSO SINE DIE"},"content":{"rendered":"<p>A Prefeitura Municipal de S\u00e3o Louren\u00e7o da Serra torna p\u00fablico que, em raz\u00e3o do acolhimento parcial de impugna\u00e7\u00e3o ao edital, fica <strong>SUSPENSO SINE DIE<\/strong> o presente certame BJETO: Contrata\u00e7\u00e3o de empresa especializada na loca\u00e7\u00e3o de caminh\u00f5es compactadores de res\u00edduos s\u00f3lidos urbanos, com motorista incluso, mediante Sistema de Registro de Pre\u00e7os, para fins de adequa\u00e7\u00e3o do instrumento convocat\u00f3rio. A nova data de abertura ser\u00e1 oportunamente divulgada pelos mesmos meios oficiais. S\u00e3o Louren\u00e7o da Serra23\/04\/2026 Gisele Fernanda Pregoeira<\/p>\n","protected":false},"excerpt":{"rendered":"<p>A Prefeitura Municipal de S\u00e3o Louren\u00e7o da Serra torna p\u00fablico que, em raz\u00e3o do acolhimento parcial de impugna\u00e7\u00e3o ao edital, fica SUSPENSO SINE DIE o presente certame BJETO: Contrata\u00e7\u00e3o de empresa especializada na loca\u00e7\u00e3o de caminh\u00f5es compactadores de res\u00edduos s\u00f3lidos urbanos, com motorista incluso, mediante Sistema de Registro de Pre\u00e7os, para fins de adequa\u00e7\u00e3o do &#8230;<\/p>\n","protected":false},"author":1,"featured_media":0,"comment_status":"open","ping_status":"open","sticky":false,"template":"","format":"standard","meta":[],"categories":[72,1],"tags":[],"_links":{"self":[{"href":"http:\/\/saolourencodaserra.sp.gov.br\/novo\/wp-json\/wp\/v2\/posts\/13821"}],"collection":[{"href":"http:\/\/saolourencodaserra.sp.gov.br\/novo\/wp-json\/wp\/v2\/posts"}],"about":[{"href":"http:\/\/saolourencodaserra.sp.gov.br\/novo\/wp-json\/wp\/v2\/types\/post"}],"author":[{"embeddable":true,"href":"http:\/\/saolourencodaserra.sp.gov.br\/novo\/wp-json\/wp\/v2\/users\/1"}],"replies":[{"embeddable":true,"href":"http:\/\/saolourencodaserra.sp.gov.br\/novo\/wp-json\/wp\/v2\/comments?post=13821"}],"version-history":[{"count":2,"href":"http:\/\/saolourencodaserra.sp.gov.br\/novo\/wp-json\/wp\/v2\/posts\/13821\/revisions"}],"predecessor-version":[{"id":13823,"href":"http:\/\/saolourencodaserra.sp.gov.br\/novo\/wp-json\/wp\/v2\/posts\/13821\/revisions\/13823"}],"wp:attachment":[{"href":"http:\/\/saolourencodaserra.sp.gov.br\/novo\/wp-json\/wp\/v2\/media?parent=13821"}],"wp:term":[{"taxonomy":"category","embeddable":true,"href":"http:\/\/saolourencodaserra.sp.gov.br\/novo\/wp-json\/wp\/v2\/categories?post=13821"},{"taxonomy":"post_tag","embeddable":true,"href":"http:\/\/saolourencodaserra.sp.gov.br\/novo\/wp-json\/wp\/v2\/tags?post=13821"}],"curies":[{"name":"wp","href":"https:\/\/api.w.org\/{rel}","templated":true}]}}