{"id":13512,"date":"2026-03-06T15:24:15","date_gmt":"2026-03-06T18:24:15","guid":{"rendered":"https:\/\/saolourencodaserra.sp.gov.br\/novo\/?p=13512"},"modified":"2026-03-06T15:27:15","modified_gmt":"2026-03-06T18:27:15","slug":"dispensa-na-contratacao-de-profissional-para-prestacao-de-servicos-como-instrutor-de-jiu-jitsu","status":"publish","type":"post","link":"http:\/\/saolourencodaserra.sp.gov.br\/novo\/dispensa-na-contratacao-de-profissional-para-prestacao-de-servicos-como-instrutor-de-jiu-jitsu\/","title":{"rendered":"Dispensa na contrata\u00e7\u00e3o de profissional para presta\u00e7\u00e3o de servi\u00e7os como instrutor de Jiu-Jitsu."},"content":{"rendered":"<p>Dispensa na contrata\u00e7\u00e3o de profissional para presta\u00e7\u00e3o de servi\u00e7os como instrutor de Jiu-Jitsu aos mun\u00edcipes, conforme termo de refer\u00eancia anexo.<\/p>\n<p>Os interessados dever\u00e3o encaminhar suas propostas atrav\u00e9s do Email: compras@saolourencodaserra.sp.gov.br ou no tel. 4687-2700\u00a0<strong>at\u00e9 o dia 11 de mar\u00e7o \u00e0s 17:00 horas.<\/strong><\/p>\n<p><a href=\"http:\/\/saolourencodaserra.sp.gov.br\/novo\/wp-content\/uploads\/2026\/03\/TERMO-DE-REFERENCIA-AULAS-DE-JIU-JITSU.pdf\">TERMO DE REFER\u00caNCIA AULAS DE JIU-JITSU<\/a><\/p>\n<p><a href=\"http:\/\/saolourencodaserra.sp.gov.br\/novo\/wp-content\/uploads\/2024\/10\/ANEXOS-PUBLICACAO.pdf\">ANEXOS PUBLICA\u00c7\u00c3O<\/a><\/p>\n","protected":false},"excerpt":{"rendered":"<p>Dispensa na contrata\u00e7\u00e3o de profissional para presta\u00e7\u00e3o de servi\u00e7os como instrutor de Jiu-Jitsu aos mun\u00edcipes, conforme termo de refer\u00eancia anexo. Os interessados dever\u00e3o encaminhar suas propostas atrav\u00e9s do Email: compras@saolourencodaserra.sp.gov.br ou no tel. 4687-2700\u00a0at\u00e9 o dia 11 de mar\u00e7o \u00e0s 17:00 horas. TERMO DE REFER\u00caNCIA AULAS DE JIU-JITSU ANEXOS PUBLICA\u00c7\u00c3O<\/p>\n","protected":false},"author":1,"featured_media":0,"comment_status":"open","ping_status":"open","sticky":false,"template":"","format":"standard","meta":[],"categories":[16],"tags":[],"_links":{"self":[{"href":"http:\/\/saolourencodaserra.sp.gov.br\/novo\/wp-json\/wp\/v2\/posts\/13512"}],"collection":[{"href":"http:\/\/saolourencodaserra.sp.gov.br\/novo\/wp-json\/wp\/v2\/posts"}],"about":[{"href":"http:\/\/saolourencodaserra.sp.gov.br\/novo\/wp-json\/wp\/v2\/types\/post"}],"author":[{"embeddable":true,"href":"http:\/\/saolourencodaserra.sp.gov.br\/novo\/wp-json\/wp\/v2\/users\/1"}],"replies":[{"embeddable":true,"href":"http:\/\/saolourencodaserra.sp.gov.br\/novo\/wp-json\/wp\/v2\/comments?post=13512"}],"version-history":[{"count":0,"href":"http:\/\/saolourencodaserra.sp.gov.br\/novo\/wp-json\/wp\/v2\/posts\/13512\/revisions"}],"wp:attachment":[{"href":"http:\/\/saolourencodaserra.sp.gov.br\/novo\/wp-json\/wp\/v2\/media?parent=13512"}],"wp:term":[{"taxonomy":"category","embeddable":true,"href":"http:\/\/saolourencodaserra.sp.gov.br\/novo\/wp-json\/wp\/v2\/categories?post=13512"},{"taxonomy":"post_tag","embeddable":true,"href":"http:\/\/saolourencodaserra.sp.gov.br\/novo\/wp-json\/wp\/v2\/tags?post=13512"}],"curies":[{"name":"wp","href":"https:\/\/api.w.org\/{rel}","templated":true}]}}