{"id":134,"date":"2017-02-22T18:04:25","date_gmt":"2017-02-22T21:04:25","guid":{"rendered":"http:\/\/saolourencodaserra.sp.gov.br\/novo\/?p=134"},"modified":"2017-04-19T18:16:35","modified_gmt":"2017-04-19T21:16:35","slug":"acao-jovem-inscricoes-abertas","status":"publish","type":"post","link":"http:\/\/saolourencodaserra.sp.gov.br\/novo\/acao-jovem-inscricoes-abertas\/","title":{"rendered":"A\u00e7\u00e3o Jovem &#8211; Inscri\u00e7\u00f5es Abertas"},"content":{"rendered":"<p style=\"text-align: justify;\">As Inscri\u00e7\u00f5es para o <strong>A\u00e7\u00e3o Jovem<\/strong> j\u00e1 est\u00e3o abertas!<br \/>\nO projeto oferece diversos cursos para os participantes, como aulas de viol\u00e3o, ingl\u00eas, artesanato, dentre outros, e contempla jovens entre 14 e 18 anos.<br \/>\nPara fazer sua inscri\u00e7\u00e3o, fale com o Douglas, no <strong>Centro de Referencia de Assist\u00eancia Social (CRAS)<\/strong>, de segunda a sexta-feira, das 8h \u00e0s 17h.<\/p>\n<p><strong>Servi\u00e7o:<\/strong><br \/>\nA\u00e7\u00e3o Jovem<br \/>\nCRAS \u2013 Centro de Referencia de Assist\u00eancia Social<br \/>\nR. Roberto Fadlo Daher. 450 &#8211; Centro<\/p>\n","protected":false},"excerpt":{"rendered":"<p>As Inscri\u00e7\u00f5es para o A\u00e7\u00e3o Jovem j\u00e1 est\u00e3o abertas! O projeto oferece diversos cursos para os participantes, como aulas de viol\u00e3o, ingl\u00eas, artesanato, dentre outros, e contempla jovens entre 14 e 18 anos. Para fazer sua inscri\u00e7\u00e3o, fale com o Douglas, no Centro de Referencia de Assist\u00eancia Social (CRAS), de segunda a sexta-feira, das 8h &#8230;<\/p>\n","protected":false},"author":1,"featured_media":135,"comment_status":"open","ping_status":"open","sticky":false,"template":"","format":"standard","meta":[],"categories":[21],"tags":[],"_links":{"self":[{"href":"http:\/\/saolourencodaserra.sp.gov.br\/novo\/wp-json\/wp\/v2\/posts\/134"}],"collection":[{"href":"http:\/\/saolourencodaserra.sp.gov.br\/novo\/wp-json\/wp\/v2\/posts"}],"about":[{"href":"http:\/\/saolourencodaserra.sp.gov.br\/novo\/wp-json\/wp\/v2\/types\/post"}],"author":[{"embeddable":true,"href":"http:\/\/saolourencodaserra.sp.gov.br\/novo\/wp-json\/wp\/v2\/users\/1"}],"replies":[{"embeddable":true,"href":"http:\/\/saolourencodaserra.sp.gov.br\/novo\/wp-json\/wp\/v2\/comments?post=134"}],"version-history":[{"count":0,"href":"http:\/\/saolourencodaserra.sp.gov.br\/novo\/wp-json\/wp\/v2\/posts\/134\/revisions"}],"wp:featuredmedia":[{"embeddable":true,"href":"http:\/\/saolourencodaserra.sp.gov.br\/novo\/wp-json\/wp\/v2\/media\/135"}],"wp:attachment":[{"href":"http:\/\/saolourencodaserra.sp.gov.br\/novo\/wp-json\/wp\/v2\/media?parent=134"}],"wp:term":[{"taxonomy":"category","embeddable":true,"href":"http:\/\/saolourencodaserra.sp.gov.br\/novo\/wp-json\/wp\/v2\/categories?post=134"},{"taxonomy":"post_tag","embeddable":true,"href":"http:\/\/saolourencodaserra.sp.gov.br\/novo\/wp-json\/wp\/v2\/tags?post=134"}],"curies":[{"name":"wp","href":"https:\/\/api.w.org\/{rel}","templated":true}]}}