{"id":13179,"date":"2026-01-26T09:46:43","date_gmt":"2026-01-26T12:46:43","guid":{"rendered":"http:\/\/saolourencodaserra.sp.gov.br\/novo\/?p=13179"},"modified":"2026-01-26T09:49:06","modified_gmt":"2026-01-26T12:49:06","slug":"dispensa-na-contratacao-de-empresa-especializada-na-locacao-de-caminhao-compactador-de-lixo-para-uso-da-secretaria-de-obras","status":"publish","type":"post","link":"http:\/\/saolourencodaserra.sp.gov.br\/novo\/dispensa-na-contratacao-de-empresa-especializada-na-locacao-de-caminhao-compactador-de-lixo-para-uso-da-secretaria-de-obras\/","title":{"rendered":"Dispensa na contrata\u00e7\u00e3o de empresa especializada na loca\u00e7\u00e3o de caminh\u00e3o compactador de lixo para uso da Secretaria de Obras."},"content":{"rendered":"<p>Dispensa na contrata\u00e7\u00e3o de empresa especializada na loca\u00e7\u00e3o de caminh\u00e3o compactador de lixo para uso nos servi\u00e7os de coleta de res\u00edduos s\u00f3lidos urbanos, conforme termo de refer\u00eancia anexo.<\/p>\n<p>Os interessados dever\u00e3o encaminhar suas propostas atrav\u00e9s do Email: compras@saolourencodaserra.sp.gov.br ou no tel. 4687-2700\u00a0<strong>at\u00e9 o dia 29 de janeiro \u00e0s 17:00 horas.<\/strong><\/p>\n<p><strong><a href=\"http:\/\/saolourencodaserra.sp.gov.br\/novo\/wp-content\/uploads\/2026\/01\/TERMO-DE-REFERENCIA-LOCACAO-DE-CAMINHAO-COMPACTADOR-1-1.pdf\">TERMO DE REFER\u00caNCIA LOCA\u00c7\u00c3O DE CAMINH\u00c3O COMPACTADOR <\/a><\/strong><\/p>\n<p><strong><a href=\"http:\/\/saolourencodaserra.sp.gov.br\/novo\/wp-content\/uploads\/2024\/10\/ANEXOS-PUBLICACAO.pdf\">ANEXOS PUBLICA\u00c7\u00c3O<\/a><\/strong><\/p>\n","protected":false},"excerpt":{"rendered":"<p>Dispensa na contrata\u00e7\u00e3o de empresa especializada na loca\u00e7\u00e3o de caminh\u00e3o compactador de lixo para uso nos servi\u00e7os de coleta de res\u00edduos s\u00f3lidos urbanos, conforme termo de refer\u00eancia anexo. Os interessados dever\u00e3o encaminhar suas propostas atrav\u00e9s do Email: compras@saolourencodaserra.sp.gov.br ou no tel. 4687-2700\u00a0at\u00e9 o dia 29 de janeiro \u00e0s 17:00 horas. TERMO DE REFER\u00caNCIA LOCA\u00c7\u00c3O DE &#8230;<\/p>\n","protected":false},"author":1,"featured_media":0,"comment_status":"open","ping_status":"open","sticky":false,"template":"","format":"standard","meta":[],"categories":[16],"tags":[],"_links":{"self":[{"href":"http:\/\/saolourencodaserra.sp.gov.br\/novo\/wp-json\/wp\/v2\/posts\/13179"}],"collection":[{"href":"http:\/\/saolourencodaserra.sp.gov.br\/novo\/wp-json\/wp\/v2\/posts"}],"about":[{"href":"http:\/\/saolourencodaserra.sp.gov.br\/novo\/wp-json\/wp\/v2\/types\/post"}],"author":[{"embeddable":true,"href":"http:\/\/saolourencodaserra.sp.gov.br\/novo\/wp-json\/wp\/v2\/users\/1"}],"replies":[{"embeddable":true,"href":"http:\/\/saolourencodaserra.sp.gov.br\/novo\/wp-json\/wp\/v2\/comments?post=13179"}],"version-history":[{"count":0,"href":"http:\/\/saolourencodaserra.sp.gov.br\/novo\/wp-json\/wp\/v2\/posts\/13179\/revisions"}],"wp:attachment":[{"href":"http:\/\/saolourencodaserra.sp.gov.br\/novo\/wp-json\/wp\/v2\/media?parent=13179"}],"wp:term":[{"taxonomy":"category","embeddable":true,"href":"http:\/\/saolourencodaserra.sp.gov.br\/novo\/wp-json\/wp\/v2\/categories?post=13179"},{"taxonomy":"post_tag","embeddable":true,"href":"http:\/\/saolourencodaserra.sp.gov.br\/novo\/wp-json\/wp\/v2\/tags?post=13179"}],"curies":[{"name":"wp","href":"https:\/\/api.w.org\/{rel}","templated":true}]}}