{"id":12818,"date":"2025-10-28T16:17:39","date_gmt":"2025-10-28T19:17:39","guid":{"rendered":"http:\/\/saolourencodaserra.sp.gov.br\/novo\/?p=12818"},"modified":"2025-10-28T16:17:39","modified_gmt":"2025-10-28T19:17:39","slug":"dispensa-na-aquisicao-de-generos-alimenticios-para-confraternizacao-de-projeto-da-secretaria-municipal-de-assistencia-social","status":"publish","type":"post","link":"http:\/\/saolourencodaserra.sp.gov.br\/novo\/dispensa-na-aquisicao-de-generos-alimenticios-para-confraternizacao-de-projeto-da-secretaria-municipal-de-assistencia-social\/","title":{"rendered":"Dispensa na aquisi\u00e7\u00e3o de g\u00eaneros aliment\u00edcios para confraterniza\u00e7\u00e3o de Projeto da Secretaria Municipal de Assist\u00eancia Social."},"content":{"rendered":"<p>Dispensa na aquisi\u00e7\u00e3o de g\u00eaneros aliment\u00edcios para confraterniza\u00e7\u00e3o de Projeto PPD da Secretaria Municipal de Assist\u00eancia Social, conforme termo de refer\u00eancia anexo.<\/p>\n<p>Os interessados dever\u00e3o encaminhar suas propostas atrav\u00e9s do Email: compras@saolourencodaserra.sp.gov.br ou no tel. 4687-2700\u00a0<strong>at\u00e9 o dia 31<\/strong>\u00a0<strong>de outubro \u00e0s 17:00.<\/strong><\/p>\n<p><a href=\"http:\/\/saolourencodaserra.sp.gov.br\/novo\/wp-content\/uploads\/2025\/10\/TERMO-DE-REFERENCIA-MINI-SALGADOS.pdf\">TERMO DE REFER\u00caNCIA MINI SALGADOS<\/a><\/p>\n<p><a href=\"http:\/\/saolourencodaserra.sp.gov.br\/novo\/wp-content\/uploads\/2024\/10\/ANEXOS-PUBLICACAO.pdf\">ANEXOS PUBLICA\u00c7\u00c3O<\/a><\/p>\n<p>&nbsp;<\/p>\n","protected":false},"excerpt":{"rendered":"<p>Dispensa na aquisi\u00e7\u00e3o de g\u00eaneros aliment\u00edcios para confraterniza\u00e7\u00e3o de Projeto PPD da Secretaria Municipal de Assist\u00eancia Social, conforme termo de refer\u00eancia anexo. Os interessados dever\u00e3o encaminhar suas propostas atrav\u00e9s do Email: compras@saolourencodaserra.sp.gov.br ou no tel. 4687-2700\u00a0at\u00e9 o dia 31\u00a0de outubro \u00e0s 17:00. TERMO DE REFER\u00caNCIA MINI SALGADOS ANEXOS PUBLICA\u00c7\u00c3O &nbsp;<\/p>\n","protected":false},"author":1,"featured_media":0,"comment_status":"open","ping_status":"open","sticky":false,"template":"","format":"standard","meta":[],"categories":[16],"tags":[],"_links":{"self":[{"href":"http:\/\/saolourencodaserra.sp.gov.br\/novo\/wp-json\/wp\/v2\/posts\/12818"}],"collection":[{"href":"http:\/\/saolourencodaserra.sp.gov.br\/novo\/wp-json\/wp\/v2\/posts"}],"about":[{"href":"http:\/\/saolourencodaserra.sp.gov.br\/novo\/wp-json\/wp\/v2\/types\/post"}],"author":[{"embeddable":true,"href":"http:\/\/saolourencodaserra.sp.gov.br\/novo\/wp-json\/wp\/v2\/users\/1"}],"replies":[{"embeddable":true,"href":"http:\/\/saolourencodaserra.sp.gov.br\/novo\/wp-json\/wp\/v2\/comments?post=12818"}],"version-history":[{"count":0,"href":"http:\/\/saolourencodaserra.sp.gov.br\/novo\/wp-json\/wp\/v2\/posts\/12818\/revisions"}],"wp:attachment":[{"href":"http:\/\/saolourencodaserra.sp.gov.br\/novo\/wp-json\/wp\/v2\/media?parent=12818"}],"wp:term":[{"taxonomy":"category","embeddable":true,"href":"http:\/\/saolourencodaserra.sp.gov.br\/novo\/wp-json\/wp\/v2\/categories?post=12818"},{"taxonomy":"post_tag","embeddable":true,"href":"http:\/\/saolourencodaserra.sp.gov.br\/novo\/wp-json\/wp\/v2\/tags?post=12818"}],"curies":[{"name":"wp","href":"https:\/\/api.w.org\/{rel}","templated":true}]}}