{"id":12171,"date":"2025-06-24T08:11:53","date_gmt":"2025-06-24T11:11:53","guid":{"rendered":"https:\/\/saolourencodaserra.sp.gov.br\/novo\/?p=12171"},"modified":"2025-06-24T08:13:44","modified_gmt":"2025-06-24T11:13:44","slug":"pregao-presencial-no-14-2025-processo-no-5020-2025-do-tipo-menor-valor-item-objetivando-aquisicao-de-tablets-intermediarios-para-uso-pedagogico-para-secretaria-de-educacao","status":"publish","type":"post","link":"http:\/\/saolourencodaserra.sp.gov.br\/novo\/pregao-presencial-no-14-2025-processo-no-5020-2025-do-tipo-menor-valor-item-objetivando-aquisicao-de-tablets-intermediarios-para-uso-pedagogico-para-secretaria-de-educacao\/","title":{"rendered":"PREG\u00c3O PRESENCIAL N\u00ba 14\/2025 PROCESSO N\u00ba 5020\/2025 DO TIPO MENOR VALOR ITEM, OBJETIVANDO AQUISI\u00c7\u00c3O DE TABLETS INTERMEDIARIOS PARA USO PEDAG\u00d3GICO PARA SECRETARIA DE EDUCA\u00c7\u00c3O"},"content":{"rendered":"<p>ENCONTRA-SE ABERTO NO MUNIC\u00cdPIO DE S\u00c3O LOUREN\u00c7O DA SERRA O PREG\u00c3O PRESENCIAL N\u00ba 14\/2025 PROCESSO N\u00ba 5020\/2025 DO TIPO MENOR VALOR ITEM, OBJETIVANDO AQUISI\u00c7\u00c3O DE TABLETS INTERMEDIARIOS PARA USO PEDAG\u00d3GICO PARA SECRETARIA DE EDUCA\u00c7\u00c3O, PELO PERIODO DE\u00a0 12 MESES.O CREDENCIAMENTO VIA PROTOCOLO DOS ENVELOPES SE DAR\u00c1 NO DIA 07 DE JULHO DE 2025 AT\u00c9 08:30H, SEGUIDO DA ABERTURA \u00c0S 09:00H. O EDITAL EM SEU INTEIRO TEOR EST\u00c1 DISPON\u00cdVEL NO SITE WWW.SAOLOURENCODASERRA.SP.GOV.BR\/NOVO, EMAIL LICITACAO@SAOLOURENCODASERRA.SP.GOV.BR, OU PELO TEL 11-4687-2700. SLS 23\/06\/2025 FELIPE GEFERSON SEME AMED- PREFEITO<\/p>\n<p><a href=\"http:\/\/saolourencodaserra.sp.gov.br\/novo\/wp-content\/uploads\/2025\/06\/EDITAL-2.pdf\">EDITAL<\/a><\/p>\n","protected":false},"excerpt":{"rendered":"<p>ENCONTRA-SE ABERTO NO MUNIC\u00cdPIO DE S\u00c3O LOUREN\u00c7O DA SERRA O PREG\u00c3O PRESENCIAL N\u00ba 14\/2025 PROCESSO N\u00ba 5020\/2025 DO TIPO MENOR VALOR ITEM, OBJETIVANDO AQUISI\u00c7\u00c3O DE TABLETS INTERMEDIARIOS PARA USO PEDAG\u00d3GICO PARA SECRETARIA DE EDUCA\u00c7\u00c3O, PELO PERIODO DE\u00a0 12 MESES.O CREDENCIAMENTO VIA PROTOCOLO DOS ENVELOPES SE DAR\u00c1 NO DIA 07 DE JULHO DE 2025 AT\u00c9 08:30H, &#8230;<\/p>\n","protected":false},"author":1,"featured_media":0,"comment_status":"open","ping_status":"open","sticky":false,"template":"","format":"standard","meta":[],"categories":[1,14],"tags":[],"_links":{"self":[{"href":"http:\/\/saolourencodaserra.sp.gov.br\/novo\/wp-json\/wp\/v2\/posts\/12171"}],"collection":[{"href":"http:\/\/saolourencodaserra.sp.gov.br\/novo\/wp-json\/wp\/v2\/posts"}],"about":[{"href":"http:\/\/saolourencodaserra.sp.gov.br\/novo\/wp-json\/wp\/v2\/types\/post"}],"author":[{"embeddable":true,"href":"http:\/\/saolourencodaserra.sp.gov.br\/novo\/wp-json\/wp\/v2\/users\/1"}],"replies":[{"embeddable":true,"href":"http:\/\/saolourencodaserra.sp.gov.br\/novo\/wp-json\/wp\/v2\/comments?post=12171"}],"version-history":[{"count":0,"href":"http:\/\/saolourencodaserra.sp.gov.br\/novo\/wp-json\/wp\/v2\/posts\/12171\/revisions"}],"wp:attachment":[{"href":"http:\/\/saolourencodaserra.sp.gov.br\/novo\/wp-json\/wp\/v2\/media?parent=12171"}],"wp:term":[{"taxonomy":"category","embeddable":true,"href":"http:\/\/saolourencodaserra.sp.gov.br\/novo\/wp-json\/wp\/v2\/categories?post=12171"},{"taxonomy":"post_tag","embeddable":true,"href":"http:\/\/saolourencodaserra.sp.gov.br\/novo\/wp-json\/wp\/v2\/tags?post=12171"}],"curies":[{"name":"wp","href":"https:\/\/api.w.org\/{rel}","templated":true}]}}