{"id":12148,"date":"2025-06-20T07:00:26","date_gmt":"2025-06-20T10:00:26","guid":{"rendered":"https:\/\/saolourencodaserra.sp.gov.br\/novo\/?p=12148"},"modified":"2025-06-18T12:18:13","modified_gmt":"2025-06-18T15:18:13","slug":"regao-presencial-no-13-2025-processo-no-3929-2025-do-tipo-menor-valor-item-objetivando-prestacao-de-servicos-e-locacao-de-equipamento-e-infraestrutura-destinados-a-realizacao-de-eventos-promovidos-pe","status":"publish","type":"post","link":"http:\/\/saolourencodaserra.sp.gov.br\/novo\/regao-presencial-no-13-2025-processo-no-3929-2025-do-tipo-menor-valor-item-objetivando-prestacao-de-servicos-e-locacao-de-equipamento-e-infraestrutura-destinados-a-realizacao-de-eventos-promovidos-pe\/","title":{"rendered":"REG\u00c3O PRESENCIAL N\u00ba 13\/2025 PROCESSO N\u00ba 3929\/2025 DO TIPO MENOR VALOR ITEM, OBJETIVANDO PRESTA\u00c7\u00c3O DE SERVI\u00c7OS E LOCA\u00c7\u00c3O DE EQUIPAMENTO E INFRAESTRUTURA DESTINADOS \u00c0 REALIZA\u00c7\u00c3O DE EVENTOS PROMOVIDOS PELA SECRETARIA DE CULTURA E TURISMO"},"content":{"rendered":"<p>ENCONTRA-SE ABERTO NO MUNIC\u00cdPIO DE S\u00c3O LOUREN\u00c7O DA SERRA O PREG\u00c3O PRESENCIAL N\u00ba 13\/2025 PROCESSO N\u00ba 3929\/2025 DO TIPO MENOR VALOR ITEM, OBJETIVANDO PRESTA\u00c7\u00c3O DE SERVI\u00c7OS E LOCA\u00c7\u00c3O DE EQUIPAMENTO E INFRAESTRUTURA DESTINADOS \u00c0 REALIZA\u00c7\u00c3O DE EVENTOS PROMOVIDOS PELA SECRETARIA DE CULTURA E TURISMO, PELO PER\u00cdODO DE 12 MESES O CREDENCIAMENTO VIA PROTOCOLO DOS ENVELOPES SE DAR\u00c1 NO DIA 03 DE JULHO DE 2025 AT\u00c9 08:30H, SEGUIDO DA ABERTURA \u00c0S 09:00H. O EDITAL EM SEU INTEIRO TEOR EST\u00c1 DISPON\u00cdVEL NO SITE WWW.SAOLOURENCODASERRA.SP.GOV.BR\/NOVO, EMAIL LICITACAO@SAOLOURENCODASERRA.SP.GOV.BR, OU PELO TEL 11-4687-2700. SLS 18\/06\/2025 FELIPE GEFERSON SEME AMED- PREFEITO<\/p>\n<p>&nbsp;<\/p>\n<p><a href=\"http:\/\/saolourencodaserra.sp.gov.br\/novo\/wp-content\/uploads\/2025\/06\/EDITAL.pdf\">EDITAL<\/a><\/p>\n<p><a href=\"http:\/\/saolourencodaserra.sp.gov.br\/novo\/wp-content\/uploads\/2025\/06\/Proposta-Cota-Reservada.xls\">Proposta Cota Reservada<\/a><\/p>\n<p><a href=\"http:\/\/saolourencodaserra.sp.gov.br\/novo\/wp-content\/uploads\/2025\/06\/Proposta-cota-aberta.xls\">Proposta cota aberta<\/a><\/p>\n","protected":false},"excerpt":{"rendered":"<p>ENCONTRA-SE ABERTO NO MUNIC\u00cdPIO DE S\u00c3O LOUREN\u00c7O DA SERRA O PREG\u00c3O PRESENCIAL N\u00ba 13\/2025 PROCESSO N\u00ba 3929\/2025 DO TIPO MENOR VALOR ITEM, OBJETIVANDO PRESTA\u00c7\u00c3O DE SERVI\u00c7OS E LOCA\u00c7\u00c3O DE EQUIPAMENTO E INFRAESTRUTURA DESTINADOS \u00c0 REALIZA\u00c7\u00c3O DE EVENTOS PROMOVIDOS PELA SECRETARIA DE CULTURA E TURISMO, PELO PER\u00cdODO DE 12 MESES O CREDENCIAMENTO VIA PROTOCOLO DOS ENVELOPES &#8230;<\/p>\n","protected":false},"author":1,"featured_media":0,"comment_status":"open","ping_status":"open","sticky":false,"template":"","format":"standard","meta":[],"categories":[1,14],"tags":[],"_links":{"self":[{"href":"http:\/\/saolourencodaserra.sp.gov.br\/novo\/wp-json\/wp\/v2\/posts\/12148"}],"collection":[{"href":"http:\/\/saolourencodaserra.sp.gov.br\/novo\/wp-json\/wp\/v2\/posts"}],"about":[{"href":"http:\/\/saolourencodaserra.sp.gov.br\/novo\/wp-json\/wp\/v2\/types\/post"}],"author":[{"embeddable":true,"href":"http:\/\/saolourencodaserra.sp.gov.br\/novo\/wp-json\/wp\/v2\/users\/1"}],"replies":[{"embeddable":true,"href":"http:\/\/saolourencodaserra.sp.gov.br\/novo\/wp-json\/wp\/v2\/comments?post=12148"}],"version-history":[{"count":0,"href":"http:\/\/saolourencodaserra.sp.gov.br\/novo\/wp-json\/wp\/v2\/posts\/12148\/revisions"}],"wp:attachment":[{"href":"http:\/\/saolourencodaserra.sp.gov.br\/novo\/wp-json\/wp\/v2\/media?parent=12148"}],"wp:term":[{"taxonomy":"category","embeddable":true,"href":"http:\/\/saolourencodaserra.sp.gov.br\/novo\/wp-json\/wp\/v2\/categories?post=12148"},{"taxonomy":"post_tag","embeddable":true,"href":"http:\/\/saolourencodaserra.sp.gov.br\/novo\/wp-json\/wp\/v2\/tags?post=12148"}],"curies":[{"name":"wp","href":"https:\/\/api.w.org\/{rel}","templated":true}]}}